{"id":2606,"date":"2024-09-17T15:41:38","date_gmt":"2024-09-17T13:41:38","guid":{"rendered":"https:\/\/www.witkowscy.net\/wp\/?p=2606"},"modified":"2026-01-28T10:03:48","modified_gmt":"2026-01-28T09:03:48","slug":"groby-naszych-bliskich-na-cmentarzach","status":"publish","type":"post","link":"https:\/\/www.witkowscy.net\/wp\/?p=2606","title":{"rendered":"Groby naszych bliskich na cmentarzach"},"content":{"rendered":"\n<p>Dla potomnych i ciekawych zamieszczam zrzuty map z umiejscowieniem wszystkich znanych grob\u00f3w naszych przodk\u00f3w<\/p>\n\n\n\n<figure class=\"wp-block-image size-full\"><img loading=\"lazy\" decoding=\"async\" width=\"896\" height=\"977\" src=\"https:\/\/www.witkowscy.net\/wp\/wp-content\/uploads\/2024\/09\/cmentarz-dyn-ost.jpg\" alt=\"\" class=\"wp-image-2607\" srcset=\"https:\/\/www.witkowscy.net\/wp\/wp-content\/uploads\/2024\/09\/cmentarz-dyn-ost.jpg 896w, https:\/\/www.witkowscy.net\/wp\/wp-content\/uploads\/2024\/09\/cmentarz-dyn-ost-275x300.jpg 275w, https:\/\/www.witkowscy.net\/wp\/wp-content\/uploads\/2024\/09\/cmentarz-dyn-ost-768x837.jpg 768w\" sizes=\"auto, (max-width: 896px) 100vw, 896px\" \/><\/figure>\n\n\n\n<p style=\"font-size:26px\"><strong>Dyn\u00f3w &#8211; cmentarz stary i \u015bredni<\/strong><\/p>\n\n\n\n<p style=\"font-size:20px\"><strong><em>Pochowani w grobowcu Baranieckich:<\/em><\/strong><\/p>\n\n\n\n<figure class=\"wp-block-image size-large is-resized\"><img loading=\"lazy\" decoding=\"async\" width=\"1024\" height=\"576\" src=\"https:\/\/www.witkowscy.net\/wp\/wp-content\/uploads\/2024\/09\/Baranieccy-1024x576.jpg\" alt=\"\" class=\"wp-image-2684\" style=\"width:497px;height:auto\" srcset=\"https:\/\/www.witkowscy.net\/wp\/wp-content\/uploads\/2024\/09\/Baranieccy-1024x576.jpg 1024w, https:\/\/www.witkowscy.net\/wp\/wp-content\/uploads\/2024\/09\/Baranieccy-300x169.jpg 300w, https:\/\/www.witkowscy.net\/wp\/wp-content\/uploads\/2024\/09\/Baranieccy-768x432.jpg 768w, https:\/\/www.witkowscy.net\/wp\/wp-content\/uploads\/2024\/09\/Baranieccy.jpg 1156w\" sizes=\"auto, (max-width: 1024px) 100vw, 1024px\" \/><\/figure>\n\n\n\n<p>Wanda Frischmanowa<\/p>\n\n\n\n<p>Felicja Baraniecka<\/p>\n\n\n\n<p>Franciszek Baraniecki<\/p>\n\n\n\n<p>Wanda Baraniecka z Grochowicz\u00f3w<\/p>\n\n\n\n<p>J\u00f3zef Kalasanty Paygert<\/p>\n\n\n\n<p>J\u00f3zefa Paygertowa z Trzecieskich<\/p>\n\n\n\n<p>Kinga Moysowa z Trzecieskich<\/p>\n\n\n\n<p><em>Micha\u0142 Moysa-Rosochacki (zamordowany w czerwcu 1940 r. przez bolszewik\u00f3w w Brygidkach we Lwowie &#8211; gr\u00f3b nieznany)<\/em><\/p>\n\n\n\n<p>Anna Trzecieska<\/p>\n\n\n\n<p>Stanis\u0142aw Baraniecki &#8211; gr\u00f3b symboliczny, wi\u0119zie\u0144 O\u015bwi\u0119cimia &#8211; Auschwitz nr 208 &#8211; zamordowany 27 stycznia 1941<\/p>\n\n\n\n<p style=\"font-size:20px\"><em><strong>Pochowani w grobowcu Trzecieskich<\/strong>:<\/em><\/p>\n\n\n\n<figure class=\"wp-block-image size-full is-resized\"><img loading=\"lazy\" decoding=\"async\" width=\"700\" height=\"933\" src=\"https:\/\/www.witkowscy.net\/wp\/wp-content\/uploads\/2024\/09\/Trzec.jpg\" alt=\"\" class=\"wp-image-2697\" style=\"width:355px;height:auto\" srcset=\"https:\/\/www.witkowscy.net\/wp\/wp-content\/uploads\/2024\/09\/Trzec.jpg 700w, https:\/\/www.witkowscy.net\/wp\/wp-content\/uploads\/2024\/09\/Trzec-225x300.jpg 225w\" sizes=\"auto, (max-width: 700px) 100vw, 700px\" \/><\/figure>\n\n\n\n<p>Jak\u00f3b Trzecieski<\/p>\n\n\n\n<p>Stefan Trzecieski<\/p>\n\n\n\n<p>Eleonora Trzecieska z Chamc\u00f3w<\/p>\n\n\n\n<p>Gabriela Radzimi\u0144ska z Chamc\u00f3w<\/p>\n\n\n\n<p>Jadwiga Trzecieska<\/p>\n\n\n\n<p>Zbigniew Trzecieski (? pochowany chyba pod dawnym ko\u015bcio\u0142em w \u0141ubnie)<\/p>\n\n\n\n<p>Ignacja Trzecieska z Mi\u0105czy\u0144skich<\/p>\n\n\n\n<figure class=\"wp-block-image size-full is-resized\"><img loading=\"lazy\" decoding=\"async\" width=\"700\" height=\"934\" src=\"https:\/\/www.witkowscy.net\/wp\/wp-content\/uploads\/2024\/09\/Emilka.jpg\" alt=\"\" class=\"wp-image-2688\" style=\"width:354px;height:auto\" srcset=\"https:\/\/www.witkowscy.net\/wp\/wp-content\/uploads\/2024\/09\/Emilka.jpg 700w, https:\/\/www.witkowscy.net\/wp\/wp-content\/uploads\/2024\/09\/Emilka-225x300.jpg 225w\" sizes=\"auto, (max-width: 700px) 100vw, 700px\" \/><\/figure>\n\n\n\n<p>Emilia Paygertowa<\/p>\n\n\n\n<figure class=\"wp-block-image size-large is-resized\"><img loading=\"lazy\" decoding=\"async\" width=\"768\" height=\"1024\" src=\"https:\/\/www.witkowscy.net\/wp\/wp-content\/uploads\/2024\/09\/Tekluncia-768x1024.jpg\" alt=\"\" class=\"wp-image-2689\" style=\"width:353px;height:auto\" srcset=\"https:\/\/www.witkowscy.net\/wp\/wp-content\/uploads\/2024\/09\/Tekluncia-768x1024.jpg 768w, https:\/\/www.witkowscy.net\/wp\/wp-content\/uploads\/2024\/09\/Tekluncia-225x300.jpg 225w, https:\/\/www.witkowscy.net\/wp\/wp-content\/uploads\/2024\/09\/Tekluncia.jpg 800w\" sizes=\"auto, (max-width: 768px) 100vw, 768px\" \/><\/figure>\n\n\n\n<p>Tekla Frey<\/p>\n\n\n\n<figure class=\"wp-block-image size-full is-resized\"><img loading=\"lazy\" decoding=\"async\" width=\"700\" height=\"933\" src=\"https:\/\/www.witkowscy.net\/wp\/wp-content\/uploads\/2024\/09\/Zofia-i-Edmund.jpg\" alt=\"\" class=\"wp-image-2690\" style=\"width:356px;height:auto\" srcset=\"https:\/\/www.witkowscy.net\/wp\/wp-content\/uploads\/2024\/09\/Zofia-i-Edmund.jpg 700w, https:\/\/www.witkowscy.net\/wp\/wp-content\/uploads\/2024\/09\/Zofia-i-Edmund-225x300.jpg 225w\" sizes=\"auto, (max-width: 700px) 100vw, 700px\" \/><\/figure>\n\n\n\n<p>Zofia Witkowska, Edmund Witkowski<\/p>\n\n\n\n<figure class=\"wp-block-image size-full is-resized\"><img loading=\"lazy\" decoding=\"async\" width=\"605\" height=\"830\" src=\"https:\/\/www.witkowscy.net\/wp\/wp-content\/uploads\/2024\/09\/Cmentarz-nowy-Dynow.png\" alt=\"\" class=\"wp-image-2679\" style=\"width:840px;height:auto\" srcset=\"https:\/\/www.witkowscy.net\/wp\/wp-content\/uploads\/2024\/09\/Cmentarz-nowy-Dynow.png 605w, https:\/\/www.witkowscy.net\/wp\/wp-content\/uploads\/2024\/09\/Cmentarz-nowy-Dynow-219x300.png 219w\" sizes=\"auto, (max-width: 605px) 100vw, 605px\" \/><\/figure>\n\n\n\n<p><\/p>\n\n\n\n<p style=\"font-size:24px\"><strong>Dyn\u00f3w &#8211; cmentarz nowy<\/strong><\/p>\n\n\n\n<figure class=\"wp-block-image size-full is-resized\"><img loading=\"lazy\" decoding=\"async\" width=\"700\" height=\"933\" src=\"https:\/\/www.witkowscy.net\/wp\/wp-content\/uploads\/2024\/09\/Toska.jpg\" alt=\"\" class=\"wp-image-2686\" style=\"width:349px;height:auto\" srcset=\"https:\/\/www.witkowscy.net\/wp\/wp-content\/uploads\/2024\/09\/Toska.jpg 700w, https:\/\/www.witkowscy.net\/wp\/wp-content\/uploads\/2024\/09\/Toska-225x300.jpg 225w\" sizes=\"auto, (max-width: 700px) 100vw, 700px\" \/><\/figure>\n\n\n\n<p>Antonina Kujawska<\/p>\n\n\n\n<figure class=\"wp-block-image size-full is-resized\"><img loading=\"lazy\" decoding=\"async\" width=\"700\" height=\"934\" src=\"https:\/\/www.witkowscy.net\/wp\/wp-content\/uploads\/2024\/09\/Jancia-J.jpg\" alt=\"\" class=\"wp-image-2687\" style=\"width:340px;height:auto\" srcset=\"https:\/\/www.witkowscy.net\/wp\/wp-content\/uploads\/2024\/09\/Jancia-J.jpg 700w, https:\/\/www.witkowscy.net\/wp\/wp-content\/uploads\/2024\/09\/Jancia-J-225x300.jpg 225w\" sizes=\"auto, (max-width: 700px) 100vw, 700px\" \/><\/figure>\n\n\n\n<p>Janina Jaszczurowska<\/p>\n\n\n\n<p><\/p>\n\n\n\n<figure class=\"wp-block-image size-large is-resized\"><img loading=\"lazy\" decoding=\"async\" width=\"1024\" height=\"852\" src=\"https:\/\/www.witkowscy.net\/wp\/wp-content\/uploads\/2024\/09\/Cmentarz-Przemysl-1024x852.jpg\" alt=\"\" class=\"wp-image-2609\" style=\"width:843px;height:auto\" srcset=\"https:\/\/www.witkowscy.net\/wp\/wp-content\/uploads\/2024\/09\/Cmentarz-Przemysl-1024x852.jpg 1024w, https:\/\/www.witkowscy.net\/wp\/wp-content\/uploads\/2024\/09\/Cmentarz-Przemysl-300x250.jpg 300w, https:\/\/www.witkowscy.net\/wp\/wp-content\/uploads\/2024\/09\/Cmentarz-Przemysl-768x639.jpg 768w, https:\/\/www.witkowscy.net\/wp\/wp-content\/uploads\/2024\/09\/Cmentarz-Przemysl.jpg 1131w\" sizes=\"auto, (max-width: 1024px) 100vw, 1024px\" \/><\/figure>\n\n\n\n<p style=\"font-size:24px\"><strong>Przemy\u015bl &#8211; cmentarz na ul. S\u0142owackiego:<\/strong><\/p>\n\n\n\n<p style=\"font-size:20px\"><strong><em>Pochowani w grobowcu Kr\u00f3l\u00f3w:<\/em><\/strong><\/p>\n\n\n\n<figure class=\"wp-block-image size-full is-resized\"><img loading=\"lazy\" decoding=\"async\" width=\"700\" height=\"933\" src=\"https:\/\/www.witkowscy.net\/wp\/wp-content\/uploads\/2024\/09\/Krol.jpg\" alt=\"\" class=\"wp-image-2692\" style=\"width:365px;height:auto\" srcset=\"https:\/\/www.witkowscy.net\/wp\/wp-content\/uploads\/2024\/09\/Krol.jpg 700w, https:\/\/www.witkowscy.net\/wp\/wp-content\/uploads\/2024\/09\/Krol-225x300.jpg 225w\" sizes=\"auto, (max-width: 700px) 100vw, 700px\" \/><\/figure>\n\n\n\n<p>Karol Kr\u00f3l<\/p>\n\n\n\n<p>J\u00f3zefa Kr\u00f3lowa ze Zborzil\u00f3w<\/p>\n\n\n\n<p>Mi\u0142os\u0142aw Kr\u00f3l<\/p>\n\n\n\n<p>J\u00f3zef Witkowski<\/p>\n\n\n\n<p>Marek Witkowski<\/p>\n\n\n\n<p style=\"font-size:20px\"><strong><em>Pochowani w grobowcu Grochowicz\u00f3w:<\/em><\/strong><\/p>\n\n\n\n<figure class=\"wp-block-image size-full is-resized\"><img loading=\"lazy\" decoding=\"async\" width=\"933\" height=\"700\" src=\"https:\/\/www.witkowscy.net\/wp\/wp-content\/uploads\/2024\/09\/Geoch.jpg\" alt=\"\" class=\"wp-image-2693\" style=\"width:481px;height:auto\" srcset=\"https:\/\/www.witkowscy.net\/wp\/wp-content\/uploads\/2024\/09\/Geoch.jpg 933w, https:\/\/www.witkowscy.net\/wp\/wp-content\/uploads\/2024\/09\/Geoch-300x225.jpg 300w, https:\/\/www.witkowscy.net\/wp\/wp-content\/uploads\/2024\/09\/Geoch-768x576.jpg 768w\" sizes=\"auto, (max-width: 933px) 100vw, 933px\" \/><\/figure>\n\n\n\n<p>Teofil Grochowicz<\/p>\n\n\n\n<p>Andrzej Grochowicz<\/p>\n\n\n\n<p>Janina Wysocka z Grochowicz\u00f3w<\/p>\n\n\n\n<p>Stefan Wysocki<\/p>\n\n\n\n<p>Ewa Gaczy\u0144ska z Wysockich<\/p>\n\n\n\n<p>Michalina Grochowicz z Hallam\u00f3w<\/p>\n\n\n\n<p>El\u017cbieta Grochowicz<\/p>\n\n\n\n<p>Anna Lorekowa z Laskowskich<\/p>\n\n\n\n<p>J\u00f3zefa Borkowska z Lorek\u00f3w<\/p>\n\n\n\n<p><\/p>\n\n\n\n<figure class=\"wp-block-image size-large\"><img loading=\"lazy\" decoding=\"async\" width=\"1024\" height=\"704\" src=\"https:\/\/www.witkowscy.net\/wp\/wp-content\/uploads\/2024\/09\/Jozefow-1-1024x704.jpg\" alt=\"\" class=\"wp-image-2614\" srcset=\"https:\/\/www.witkowscy.net\/wp\/wp-content\/uploads\/2024\/09\/Jozefow-1-1024x704.jpg 1024w, https:\/\/www.witkowscy.net\/wp\/wp-content\/uploads\/2024\/09\/Jozefow-1-300x206.jpg 300w, https:\/\/www.witkowscy.net\/wp\/wp-content\/uploads\/2024\/09\/Jozefow-1-768x528.jpg 768w, https:\/\/www.witkowscy.net\/wp\/wp-content\/uploads\/2024\/09\/Jozefow-1.jpg 1376w\" sizes=\"auto, (max-width: 1024px) 100vw, 1024px\" \/><\/figure>\n\n\n\n<p style=\"font-size:24px\"><strong>Cmentarz w J\u00f3zefowie:<\/strong><\/p>\n\n\n\n<figure class=\"wp-block-image size-large is-resized\"><img loading=\"lazy\" decoding=\"async\" width=\"1024\" height=\"461\" src=\"https:\/\/www.witkowscy.net\/wp\/wp-content\/uploads\/2024\/09\/Witkowscy-1024x461.jpg\" alt=\"\" class=\"wp-image-2691\" style=\"width:573px;height:auto\" srcset=\"https:\/\/www.witkowscy.net\/wp\/wp-content\/uploads\/2024\/09\/Witkowscy-1024x461.jpg 1024w, https:\/\/www.witkowscy.net\/wp\/wp-content\/uploads\/2024\/09\/Witkowscy-300x135.jpg 300w, https:\/\/www.witkowscy.net\/wp\/wp-content\/uploads\/2024\/09\/Witkowscy-768x346.jpg 768w, https:\/\/www.witkowscy.net\/wp\/wp-content\/uploads\/2024\/09\/Witkowscy.jpg 1280w\" sizes=\"auto, (max-width: 1024px) 100vw, 1024px\" \/><\/figure>\n\n\n\n<p style=\"font-size:20px\"><em><strong>Pochowani w grobowcu Witkowskich:<\/strong><\/em><\/p>\n\n\n\n<p>Maria Witkowska z Kr\u00f3l\u00f3w<\/p>\n\n\n\n<p>Kazimierz Baraniecki<\/p>\n\n\n\n<p>Ma\u0142gorzata Baraniecka z Paygert\u00f3w<\/p>\n\n\n\n<p>Adam Paygert<\/p>\n\n\n\n<p>Jan Paygert<\/p>\n\n\n\n<figure class=\"wp-block-image size-large\"><img loading=\"lazy\" decoding=\"async\" width=\"1024\" height=\"899\" src=\"https:\/\/www.witkowscy.net\/wp\/wp-content\/uploads\/2024\/09\/Sidorow-gr.-Paygertow-1024x899.jpg\" alt=\"\" class=\"wp-image-2616\" srcset=\"https:\/\/www.witkowscy.net\/wp\/wp-content\/uploads\/2024\/09\/Sidorow-gr.-Paygertow-1024x899.jpg 1024w, https:\/\/www.witkowscy.net\/wp\/wp-content\/uploads\/2024\/09\/Sidorow-gr.-Paygertow-300x263.jpg 300w, https:\/\/www.witkowscy.net\/wp\/wp-content\/uploads\/2024\/09\/Sidorow-gr.-Paygertow-768x674.jpg 768w, https:\/\/www.witkowscy.net\/wp\/wp-content\/uploads\/2024\/09\/Sidorow-gr.-Paygertow.jpg 1041w\" sizes=\"auto, (max-width: 1024px) 100vw, 1024px\" \/><\/figure>\n\n\n\n<p style=\"font-size:24px\"><strong>Cmentarz w Sidorowie<\/strong><\/p>\n\n\n\n<p style=\"font-size:20px\"><strong><em>Pochowani w grobowcu Paygert\u00f3w:<\/em><\/strong><\/p>\n\n\n\n<figure class=\"wp-block-image size-large\"><img loading=\"lazy\" decoding=\"async\" width=\"1024\" height=\"674\" src=\"https:\/\/www.witkowscy.net\/wp\/wp-content\/uploads\/2024\/09\/Sidorow003-1024x674.jpg\" alt=\"\" class=\"wp-image-2700\" srcset=\"https:\/\/www.witkowscy.net\/wp\/wp-content\/uploads\/2024\/09\/Sidorow003-1024x674.jpg 1024w, https:\/\/www.witkowscy.net\/wp\/wp-content\/uploads\/2024\/09\/Sidorow003-300x198.jpg 300w, https:\/\/www.witkowscy.net\/wp\/wp-content\/uploads\/2024\/09\/Sidorow003-768x506.jpg 768w, https:\/\/www.witkowscy.net\/wp\/wp-content\/uploads\/2024\/09\/Sidorow003.jpg 1192w\" sizes=\"auto, (max-width: 1024px) 100vw, 1024px\" \/><\/figure>\n\n\n\n<p>J\u00f3zef Kalasanty Pajgert<\/p>\n\n\n\n<p>Adam Pajgert<\/p>\n\n\n\n<p>Kornel Paygert<\/p>\n\n\n\n<p>W\u0142adys\u0142awa Pajgert<\/p>\n\n\n\n<p>Helena z Rozwadowskich Pajgertowa<\/p>\n\n\n\n<p>Wiktoria Olszewska z Bohdan\u00f3w (obok grobowca po lewej stronie)<\/p>\n\n\n\n<figure class=\"wp-block-image size-large\"><img loading=\"lazy\" decoding=\"async\" width=\"1024\" height=\"767\" src=\"https:\/\/www.witkowscy.net\/wp\/wp-content\/uploads\/2024\/09\/Lwow-A.-Chamiec-1024x767.jpg\" alt=\"\" class=\"wp-image-2618\" srcset=\"https:\/\/www.witkowscy.net\/wp\/wp-content\/uploads\/2024\/09\/Lwow-A.-Chamiec-1024x767.jpg 1024w, https:\/\/www.witkowscy.net\/wp\/wp-content\/uploads\/2024\/09\/Lwow-A.-Chamiec-300x225.jpg 300w, https:\/\/www.witkowscy.net\/wp\/wp-content\/uploads\/2024\/09\/Lwow-A.-Chamiec-768x575.jpg 768w, https:\/\/www.witkowscy.net\/wp\/wp-content\/uploads\/2024\/09\/Lwow-A.-Chamiec.jpg 1252w\" sizes=\"auto, (max-width: 1024px) 100vw, 1024px\" \/><\/figure>\n\n\n\n<p style=\"font-size:24px\"><strong>Lw\u00f3w &#8211; cmentarz \u0141yczakowski<\/strong><\/p>\n\n\n\n<p style=\"font-size:20px\"><strong><em>Pochowani w grobowcu Chamc\u00f3w:<\/em><\/strong><\/p>\n\n\n\n<figure class=\"wp-block-image size-large is-resized\"><img loading=\"lazy\" decoding=\"async\" width=\"686\" height=\"1024\" src=\"https:\/\/www.witkowscy.net\/wp\/wp-content\/uploads\/2024\/09\/Cmentarz-Lyczakowski-grobowiec-A.-Chamca-686x1024.jpg\" alt=\"\" class=\"wp-image-2703\" style=\"width:579px;height:auto\" srcset=\"https:\/\/www.witkowscy.net\/wp\/wp-content\/uploads\/2024\/09\/Cmentarz-Lyczakowski-grobowiec-A.-Chamca-686x1024.jpg 686w, https:\/\/www.witkowscy.net\/wp\/wp-content\/uploads\/2024\/09\/Cmentarz-Lyczakowski-grobowiec-A.-Chamca-201x300.jpg 201w, https:\/\/www.witkowscy.net\/wp\/wp-content\/uploads\/2024\/09\/Cmentarz-Lyczakowski-grobowiec-A.-Chamca-768x1147.jpg 768w, https:\/\/www.witkowscy.net\/wp\/wp-content\/uploads\/2024\/09\/Cmentarz-Lyczakowski-grobowiec-A.-Chamca.jpg 800w\" sizes=\"auto, (max-width: 686px) 100vw, 686px\" \/><\/figure>\n\n\n\n<p>Antoni Chamiec<\/p>\n\n\n\n<p>Bronis\u0142awa Chamcowa z Chamc\u00f3w<\/p>\n\n\n\n<figure class=\"wp-block-image size-large\"><img loading=\"lazy\" decoding=\"async\" width=\"1024\" height=\"799\" src=\"https:\/\/www.witkowscy.net\/wp\/wp-content\/uploads\/2024\/09\/Powazki-Stefanek-1024x799.jpg\" alt=\"\" class=\"wp-image-2619\" srcset=\"https:\/\/www.witkowscy.net\/wp\/wp-content\/uploads\/2024\/09\/Powazki-Stefanek-1024x799.jpg 1024w, https:\/\/www.witkowscy.net\/wp\/wp-content\/uploads\/2024\/09\/Powazki-Stefanek-300x234.jpg 300w, https:\/\/www.witkowscy.net\/wp\/wp-content\/uploads\/2024\/09\/Powazki-Stefanek-768x599.jpg 768w, https:\/\/www.witkowscy.net\/wp\/wp-content\/uploads\/2024\/09\/Powazki-Stefanek.jpg 1125w\" sizes=\"auto, (max-width: 1024px) 100vw, 1024px\" \/><\/figure>\n\n\n\n<p style=\"font-size:24px\"><strong>Warszawa Cmentarz Pow\u0105zki:<\/strong><\/p>\n\n\n\n<figure class=\"wp-block-image size-large\"><img loading=\"lazy\" decoding=\"async\" width=\"1024\" height=\"683\" src=\"https:\/\/www.witkowscy.net\/wp\/wp-content\/uploads\/2024\/09\/GrobowiecTJ-Cmentarz_Powazkowski-1024x683.jpg\" alt=\"\" class=\"wp-image-2709\" srcset=\"https:\/\/www.witkowscy.net\/wp\/wp-content\/uploads\/2024\/09\/GrobowiecTJ-Cmentarz_Powazkowski-1024x683.jpg 1024w, https:\/\/www.witkowscy.net\/wp\/wp-content\/uploads\/2024\/09\/GrobowiecTJ-Cmentarz_Powazkowski-300x200.jpg 300w, https:\/\/www.witkowscy.net\/wp\/wp-content\/uploads\/2024\/09\/GrobowiecTJ-Cmentarz_Powazkowski-768x512.jpg 768w, https:\/\/www.witkowscy.net\/wp\/wp-content\/uploads\/2024\/09\/GrobowiecTJ-Cmentarz_Powazkowski.jpg 1200w\" sizes=\"auto, (max-width: 1024px) 100vw, 1024px\" \/><\/figure>\n\n\n\n<p style=\"font-size:20px\"><strong><em>Grobowiec Jezuit\u00f3w:<\/em><\/strong><\/p>\n\n\n\n<p>Stefan Moysa<\/p>\n\n\n\n<p><\/p>\n\n\n\n<figure class=\"wp-block-image size-large\"><img loading=\"lazy\" decoding=\"async\" width=\"1024\" height=\"787\" src=\"https:\/\/www.witkowscy.net\/wp\/wp-content\/uploads\/2024\/09\/Wolka-Weglowa-1024x787.jpg\" alt=\"\" class=\"wp-image-2660\" srcset=\"https:\/\/www.witkowscy.net\/wp\/wp-content\/uploads\/2024\/09\/Wolka-Weglowa-1024x787.jpg 1024w, https:\/\/www.witkowscy.net\/wp\/wp-content\/uploads\/2024\/09\/Wolka-Weglowa-300x231.jpg 300w, https:\/\/www.witkowscy.net\/wp\/wp-content\/uploads\/2024\/09\/Wolka-Weglowa-768x590.jpg 768w, https:\/\/www.witkowscy.net\/wp\/wp-content\/uploads\/2024\/09\/Wolka-Weglowa.jpg 1252w\" sizes=\"auto, (max-width: 1024px) 100vw, 1024px\" \/><\/figure>\n\n\n\n<p style=\"font-size:24px\"><strong>Warszawa Cmentarz P\u00f3\u0142nocny<\/strong>:<\/p>\n\n\n\n<p>Franciszka Kr\u00f3lowa ze Zdobylak\u00f3w<\/p>\n\n\n\n<p>Janusz Kr\u00f3l<\/p>\n\n\n\n<p>Irena Paygertowa z Sobczak- G\u0105sienic\u00f3w<\/p>\n\n\n\n<p><\/p>\n\n\n\n<figure class=\"wp-block-image size-large\"><img loading=\"lazy\" decoding=\"async\" width=\"1024\" height=\"790\" src=\"https:\/\/www.witkowscy.net\/wp\/wp-content\/uploads\/2024\/09\/Garwolin-1-1024x790.jpg\" alt=\"\" class=\"wp-image-2664\" srcset=\"https:\/\/www.witkowscy.net\/wp\/wp-content\/uploads\/2024\/09\/Garwolin-1-1024x790.jpg 1024w, https:\/\/www.witkowscy.net\/wp\/wp-content\/uploads\/2024\/09\/Garwolin-1-300x231.jpg 300w, https:\/\/www.witkowscy.net\/wp\/wp-content\/uploads\/2024\/09\/Garwolin-1-768x593.jpg 768w, https:\/\/www.witkowscy.net\/wp\/wp-content\/uploads\/2024\/09\/Garwolin-1.jpg 1252w\" sizes=\"auto, (max-width: 1024px) 100vw, 1024px\" \/><\/figure>\n\n\n\n<p style=\"font-size:22px\"><strong>Cmentarz w Garwolinie:<\/strong><\/p>\n\n\n\n<p>Jadwiga Jaworska z Pludrakowskich<\/p>\n\n\n\n<p>Marian Jaworski<\/p>\n\n\n\n<p>Stanis\u0142awa Pludrakowska<\/p>\n\n\n\n<p>Helena Pludrakowska<\/p>\n\n\n\n<figure class=\"wp-block-image size-full is-resized\"><img loading=\"lazy\" decoding=\"async\" width=\"964\" height=\"931\" src=\"https:\/\/www.witkowscy.net\/wp\/wp-content\/uploads\/2024\/09\/Cmentarz-Dabrowka.jpg\" alt=\"\" class=\"wp-image-2676\" style=\"width:840px;height:auto\" srcset=\"https:\/\/www.witkowscy.net\/wp\/wp-content\/uploads\/2024\/09\/Cmentarz-Dabrowka.jpg 964w, https:\/\/www.witkowscy.net\/wp\/wp-content\/uploads\/2024\/09\/Cmentarz-Dabrowka-300x290.jpg 300w, https:\/\/www.witkowscy.net\/wp\/wp-content\/uploads\/2024\/09\/Cmentarz-Dabrowka-768x742.jpg 768w\" sizes=\"auto, (max-width: 964px) 100vw, 964px\" \/><\/figure>\n\n\n\n<p style=\"font-size:24px\"><strong>Cmentarz w D\u0105br\u00f3wce Starze\u0144skiej:<\/strong><\/p>\n\n\n\n<figure class=\"wp-block-image size-large is-resized\"><img loading=\"lazy\" decoding=\"async\" width=\"1024\" height=\"576\" src=\"https:\/\/www.witkowscy.net\/wp\/wp-content\/uploads\/2024\/09\/Helcia-1024x576.jpg\" alt=\"\" class=\"wp-image-2695\" style=\"width:522px;height:auto\" srcset=\"https:\/\/www.witkowscy.net\/wp\/wp-content\/uploads\/2024\/09\/Helcia-1024x576.jpg 1024w, https:\/\/www.witkowscy.net\/wp\/wp-content\/uploads\/2024\/09\/Helcia-300x169.jpg 300w, https:\/\/www.witkowscy.net\/wp\/wp-content\/uploads\/2024\/09\/Helcia-768x432.jpg 768w, https:\/\/www.witkowscy.net\/wp\/wp-content\/uploads\/2024\/09\/Helcia.jpg 1156w\" sizes=\"auto, (max-width: 1024px) 100vw, 1024px\" \/><\/figure>\n\n\n\n<p>Helcia Kami\u0144ska<\/p>\n\n\n\n<p>Kasia Polewka &#8211; c\u00f3rka Helci<\/p>\n\n\n\n<p>Jan Polewka &#8211; syn Kasi<\/p>\n\n\n\n<p style=\"font-size:24px\"><strong>Cmentarz w Jedliczu<\/strong><\/p>\n\n\n\n<figure class=\"wp-block-image size-large\"><img loading=\"lazy\" decoding=\"async\" width=\"1024\" height=\"672\" src=\"https:\/\/www.witkowscy.net\/wp\/wp-content\/uploads\/2024\/09\/Jedlicze-TYtTRz-1024x672.png\" alt=\"\" class=\"wp-image-2706\" srcset=\"https:\/\/www.witkowscy.net\/wp\/wp-content\/uploads\/2024\/09\/Jedlicze-TYtTRz-1024x672.png 1024w, https:\/\/www.witkowscy.net\/wp\/wp-content\/uploads\/2024\/09\/Jedlicze-TYtTRz-300x197.png 300w, https:\/\/www.witkowscy.net\/wp\/wp-content\/uploads\/2024\/09\/Jedlicze-TYtTRz-768x504.png 768w, https:\/\/www.witkowscy.net\/wp\/wp-content\/uploads\/2024\/09\/Jedlicze-TYtTRz.png 1252w\" sizes=\"auto, (max-width: 1024px) 100vw, 1024px\" \/><\/figure>\n\n\n\n<figure class=\"wp-block-image size-large\"><img loading=\"lazy\" decoding=\"async\" width=\"1024\" height=\"512\" src=\"https:\/\/www.witkowscy.net\/wp\/wp-content\/uploads\/2024\/09\/tyt.trz_.-grob-1024x512.jpg\" alt=\"\" class=\"wp-image-2707\" srcset=\"https:\/\/www.witkowscy.net\/wp\/wp-content\/uploads\/2024\/09\/tyt.trz_.-grob-1024x512.jpg 1024w, https:\/\/www.witkowscy.net\/wp\/wp-content\/uploads\/2024\/09\/tyt.trz_.-grob-300x150.jpg 300w, https:\/\/www.witkowscy.net\/wp\/wp-content\/uploads\/2024\/09\/tyt.trz_.-grob-768x384.jpg 768w, https:\/\/www.witkowscy.net\/wp\/wp-content\/uploads\/2024\/09\/tyt.trz_.-grob.jpg 1280w\" sizes=\"auto, (max-width: 1024px) 100vw, 1024px\" \/><\/figure>\n\n\n\n<p>Tytus Trzecieski <\/p>\n\n\n\n<p>Anna z W\u0119gle\u0144skich Trzecieska<\/p>\n\n\n\n<p><\/p>\n","protected":false},"excerpt":{"rendered":"<p>Dla potomnych i ciekawych zamieszczam zrzuty map z umiejscowieniem wszystkich znanych grob\u00f3w naszych przodk\u00f3w Dyn\u00f3w &#8211; cmentarz stary i \u015bredni Pochowani w grobowcu Baranieckich: Wanda&hellip; <\/p>\n","protected":false},"author":2,"featured_media":2607,"comment_status":"closed","ping_status":"closed","sticky":false,"template":"","format":"standard","meta":{"ngg_post_thumbnail":0,"footnotes":""},"categories":[40],"tags":[],"class_list":["post-2606","post","type-post","status-publish","format-standard","has-post-thumbnail","hentry","category-artykuly-o-rodzinie-i-czlonkow-rodziny"],"_links":{"self":[{"href":"https:\/\/www.witkowscy.net\/wp\/index.php?rest_route=\/wp\/v2\/posts\/2606","targetHints":{"allow":["GET"]}}],"collection":[{"href":"https:\/\/www.witkowscy.net\/wp\/index.php?rest_route=\/wp\/v2\/posts"}],"about":[{"href":"https:\/\/www.witkowscy.net\/wp\/index.php?rest_route=\/wp\/v2\/types\/post"}],"author":[{"embeddable":true,"href":"https:\/\/www.witkowscy.net\/wp\/index.php?rest_route=\/wp\/v2\/users\/2"}],"replies":[{"embeddable":true,"href":"https:\/\/www.witkowscy.net\/wp\/index.php?rest_route=%2Fwp%2Fv2%2Fcomments&post=2606"}],"version-history":[{"count":37,"href":"https:\/\/www.witkowscy.net\/wp\/index.php?rest_route=\/wp\/v2\/posts\/2606\/revisions"}],"predecessor-version":[{"id":2843,"href":"https:\/\/www.witkowscy.net\/wp\/index.php?rest_route=\/wp\/v2\/posts\/2606\/revisions\/2843"}],"wp:featuredmedia":[{"embeddable":true,"href":"https:\/\/www.witkowscy.net\/wp\/index.php?rest_route=\/wp\/v2\/media\/2607"}],"wp:attachment":[{"href":"https:\/\/www.witkowscy.net\/wp\/index.php?rest_route=%2Fwp%2Fv2%2Fmedia&parent=2606"}],"wp:term":[{"taxonomy":"category","embeddable":true,"href":"https:\/\/www.witkowscy.net\/wp\/index.php?rest_route=%2Fwp%2Fv2%2Fcategories&post=2606"},{"taxonomy":"post_tag","embeddable":true,"href":"https:\/\/www.witkowscy.net\/wp\/index.php?rest_route=%2Fwp%2Fv2%2Ftags&post=2606"}],"curies":[{"name":"wp","href":"https:\/\/api.w.org\/{rel}","templated":true}]}}