{"id":890,"date":"2014-07-22T16:03:27","date_gmt":"2014-07-22T14:03:27","guid":{"rendered":"https:\/\/www.witkowscy.net\/wp\/2014\/07\/22\/pielgrzymka-na-kanonizacje-dwoch-wielkich-papiezy-jana-xxiii-i-j-p-ii\/"},"modified":"2020-10-23T16:12:41","modified_gmt":"2020-10-23T14:12:41","slug":"pielgrzymka-na-kanonizacje-dwoch-wielkich-papiezy-jana-xxiii-i-j-p-ii","status":"publish","type":"post","link":"https:\/\/www.witkowscy.net\/wp\/?p=890","title":{"rendered":"Pielgrzymka na  kanonizacj\u0119 dw\u00f3ch wielkich papie\u017cy: Jana XXIII i J P II"},"content":{"rendered":"<p style=\"text-align: center;\"> \tW\u0142ochy&nbsp; &#8211; kwiecie\u0144 2014<br \/> \t&nbsp;&nbsp;&nbsp;&nbsp;&nbsp;&nbsp; Rozs\u0105dek nakazywa\u0142, aby to nadzwyczajne wydarzenie ogl\u0105dn\u0105\u0107 wygodnie, w fotelach i zaciszu domowym przed telewizorem. Ale zdecydowali\u015bmy odwrotnie: poczuli\u015bmy si\u0119 znowu m\u0142odzi, gdy w towarzystwie 17 i 15 letnich wnuk&oacute;w, Franka i Ja\u015bka,sprawdzonych kompan&oacute;w naszych wypraw, o 3-ciej rano wyruszyli\u015bmy na pielgrzymkowy objazd W\u0142och.<\/p>\n<p> \t&nbsp;&nbsp;&nbsp;&nbsp;&nbsp;&nbsp;&nbsp;&nbsp;&nbsp;&nbsp;&nbsp;&nbsp;&nbsp;&nbsp;&nbsp; &nbsp; &nbsp; &nbsp; &nbsp; &nbsp; &nbsp;&nbsp; &nbsp;&nbsp;&nbsp; <img loading=\"lazy\" decoding=\"async\" class=\" size-full wp-image-832\" alt=\"\" src=\"https:\/\/www.witkowscy.net\/wp\/wp-content\/uploads\/2014\/07\/JPII.jpg\" width=\"185\" height=\"253\" \/>&nbsp;&nbsp;&nbsp;&nbsp;&nbsp;&nbsp;&nbsp;&nbsp;&nbsp;&nbsp;&nbsp;&nbsp;&nbsp;&nbsp;&nbsp;&nbsp;&nbsp;&nbsp; <img loading=\"lazy\" decoding=\"async\" class=\" size-full wp-image-833\" alt=\"\" src=\"https:\/\/www.witkowscy.net\/wp\/wp-content\/uploads\/2014\/07\/Pope_John_XXIII_-_1959.jpg\" width=\"198\" height=\"250\" \/><\/p>\n<p style=\"text-align: center;\"> \t&nbsp;&nbsp;<br \/> \t&nbsp;&nbsp;&nbsp; Kanonizacj\u0119 ogl\u0105dali\u015bmy w \u015bcisku wr\u0119cz nieprawdopodobnym patrz\u0105c na telebim umieszczony na ko\u0144cu Via della Conciliazione, o\u0142tarza nie widzieli\u015bmy, a na g\u0142owy si\u0105pi\u0142&nbsp; nam czasami ch\u0142odny deszczyk&#8230;<br \/> \t&nbsp;&nbsp;&nbsp; Nie oddaliby\u015bmy tych chwil za nic. Po\u0142\u0105czy\u0142y one te prze\u017cyte przed 35 laty na Placu Zwyci\u0119stwa w Warszawie&nbsp; w jedn\u0105 ca\u0142o\u015b\u0107: poczuli\u015bmy namacalnie czym powinno by\u0107 chrze\u015bcija\u0144stwo,&nbsp; kt&oacute;rego On nas uczy\u0142, a kt&oacute;rego stale niestety brakuje.<\/p>\n<p> \tPrzedstawiamy naszym mi\u0142ym czytelnikom, zw\u0142aszcza mi\u0142o\u015bnikom W\u0142och, nasze najciekawsze z prawie 1000 zdj\u0119\u0107 . Zapraszamy do ogl\u0105dni\u0119cia.<\/p>\n<p style=\"text-align: center;\"> \t&nbsp;<\/p>\n<p style=\"text-align: center;\"> \t<span style=\"font-size:14px;\"><span style=\"font-family: comic sans ms,cursive;\"><strong>Tarvisio<\/strong><\/span><\/span><\/p>\n<p style=\"text-align: center;\"> \t<span style=\"font-family:arial,helvetica,sans-serif;\"><span style=\"font-size: 12px;\">W\u0142oskie Alpy, gdzie nocowali\u015bmy, powita\u0142y nas \u015bniegiem i ch\u0142odem.<\/span><\/span><\/p>\n<p style=\"text-align: center;\"> \t&nbsp;<\/p>\n<p style=\"text-align: center;\"> \t<span style=\"font-size:14px;\"><span style=\"font-family: comic sans ms,cursive;\"><strong><img loading=\"lazy\" decoding=\"async\" class=\" size-full wp-image-834\" alt=\"\" src=\"https:\/\/www.witkowscy.net\/wp\/wp-content\/uploads\/2014\/07\/0099.Alpy-Wloskie.jpg\" width=\"570\" height=\"394\" srcset=\"https:\/\/www.witkowscy.net\/wp\/wp-content\/uploads\/2014\/07\/0099.Alpy-Wloskie.jpg 570w, https:\/\/www.witkowscy.net\/wp\/wp-content\/uploads\/2014\/07\/0099.Alpy-Wloskie-300x207.jpg 300w\" sizes=\"auto, (max-width: 570px) 100vw, 570px\" \/><\/strong><\/span><\/span><\/p>\n<p style=\"text-align: center;\"> \t&nbsp;<\/p>\n<p style=\"text-align: center;\"> \t<span style=\"font-family:comic sans ms,cursive;\"><span style=\"font-size: 14px;\"><strong>Padwa<\/strong><\/span><\/span><\/p>\n<p style=\"text-align: center;\"> \t<img loading=\"lazy\" decoding=\"async\" class=\" size-full wp-image-835\" alt=\"\" src=\"https:\/\/www.witkowscy.net\/wp\/wp-content\/uploads\/2014\/07\/0099a0.Padwa-Bazylika-sw.-Antoniego.jpg\" width=\"575\" height=\"397\" srcset=\"https:\/\/www.witkowscy.net\/wp\/wp-content\/uploads\/2014\/07\/0099a0.Padwa-Bazylika-sw.-Antoniego.jpg 575w, https:\/\/www.witkowscy.net\/wp\/wp-content\/uploads\/2014\/07\/0099a0.Padwa-Bazylika-sw.-Antoniego-300x207.jpg 300w\" sizes=\"auto, (max-width: 575px) 100vw, 575px\" \/><\/p>\n<p style=\"text-align: center;\"> \t<img decoding=\"async\" alt=\"\" src=\"images\/Pielgrzymka_04_2014\/0100d.Padwa Bazylika sw. Antoniego.jpg\" \/><\/p>\n<p style=\"text-align: center;\"> \tW Padwie zazwyczaj nie mo\u017cna fotografowa\u0107 wn\u0119trza bazyliki \u015aw. Antoniego.<\/p>\n<p style=\"text-align: center;\"> \t<img decoding=\"async\" alt=\"\" src=\"images\/Pielgrzymka_04_2014\/0100a.Padwa Bazylika sw. Antoniego.jpg\" \/><\/p>\n<p style=\"text-align: center;\"> \t<img loading=\"lazy\" decoding=\"async\" class=\" size-full wp-image-836\" alt=\"\" src=\"https:\/\/www.witkowscy.net\/wp\/wp-content\/uploads\/2014\/07\/0099b.Padwa-Bazylika-sw.-Antoniego.jpg\" width=\"555\" height=\"384\" srcset=\"https:\/\/www.witkowscy.net\/wp\/wp-content\/uploads\/2014\/07\/0099b.Padwa-Bazylika-sw.-Antoniego.jpg 555w, https:\/\/www.witkowscy.net\/wp\/wp-content\/uploads\/2014\/07\/0099b.Padwa-Bazylika-sw.-Antoniego-300x208.jpg 300w\" sizes=\"auto, (max-width: 555px) 100vw, 555px\" \/><\/p>\n<p style=\"text-align: center;\"> \t&nbsp;<\/p>\n<p style=\"text-align: center;\"> \tAle kto by zwa\u017ca\u0142 w takim t\u0142umie na jakie\u015b aparaty!! &quot;Cerbery&quot; na co dzie\u0144 pilnuj\u0105ce surowych zasad, nie dawa\u0142y w tym dniu rady.<\/p>\n<p style=\"text-align: center;\"> \t<img decoding=\"async\" alt=\"\" src=\"images\/Pielgrzymka_04_2014\/0100b.Padwa Bazylika sw. Antoniego.jpg\" \/><\/p>\n<p style=\"text-align: center;\"> \t<img loading=\"lazy\" decoding=\"async\" class=\" size-full wp-image-837\" alt=\"\" src=\"https:\/\/www.witkowscy.net\/wp\/wp-content\/uploads\/2014\/07\/0099c.Padwa-Bazylika-sw.-Antoniego.jpg\" width=\"555\" height=\"384\" srcset=\"https:\/\/www.witkowscy.net\/wp\/wp-content\/uploads\/2014\/07\/0099c.Padwa-Bazylika-sw.-Antoniego.jpg 555w, https:\/\/www.witkowscy.net\/wp\/wp-content\/uploads\/2014\/07\/0099c.Padwa-Bazylika-sw.-Antoniego-300x208.jpg 300w\" sizes=\"auto, (max-width: 555px) 100vw, 555px\" \/><\/p>\n<p style=\"text-align: center;\"> \t&nbsp;<\/p>\n<p style=\"text-align: center;\"> \tDlatego pokazujemy kaplic\u0119 relikwii \u015awi\u0119tego trzymanych w przepi\u0119knych relikwiarzach &#8211; dzie\u0142ach sztuki.<\/p>\n<p style=\"text-align: center;\"> \t<img decoding=\"async\" alt=\"\" src=\"images\/Pielgrzymka_04_2014\/0100.Padwa Bazylika sw. Antoniego-kaplica relikwii.jpg\" \/><\/p>\n<p style=\"text-align: center;\"> \t<img loading=\"lazy\" decoding=\"async\" class=\" size-full wp-image-838\" alt=\"\" src=\"https:\/\/www.witkowscy.net\/wp\/wp-content\/uploads\/2014\/07\/0100.Padwa-Bazylika-%C5%9Aw.-Antoniego-kaplica-relikwii_NEW.jpg\" width=\"560\" height=\"388\" \/><\/p>\n<p style=\"text-align: center;\"> \t&nbsp;<\/p>\n<p style=\"text-align: center;\"> \toraz gr&oacute;b \u015bw. Antoniego, Il Santo jak mawiaj\u0105 W\u0142osi.<\/p>\n<p style=\"text-align: center;\"> \t<img decoding=\"async\" alt=\"\" src=\"images\/Pielgrzymka_04_2014\/0100c.Padwa Bazylika sw. Antoniego-grob Sw.jpg\" \/><\/p>\n<p style=\"text-align: center;\"> \t<img loading=\"lazy\" decoding=\"async\" class=\" size-full wp-image-839\" alt=\"\" src=\"https:\/\/www.witkowscy.net\/wp\/wp-content\/uploads\/2014\/07\/0100a.Padwa-Bazylika-sw.-Antoniego-grob-Sw.jpg\" width=\"545\" height=\"377\" srcset=\"https:\/\/www.witkowscy.net\/wp\/wp-content\/uploads\/2014\/07\/0100a.Padwa-Bazylika-sw.-Antoniego-grob-Sw.jpg 545w, https:\/\/www.witkowscy.net\/wp\/wp-content\/uploads\/2014\/07\/0100a.Padwa-Bazylika-sw.-Antoniego-grob-Sw-300x208.jpg 300w\" sizes=\"auto, (max-width: 545px) 100vw, 545px\" \/><\/p>\n<p style=\"text-align: center;\"> \t&nbsp;<\/p>\n<p style=\"text-align: center;\"> \tNieopodal bazyliki znajduje si\u0119 pono\u0107 najwi\u0119kszy plac w Europie &#8211; Prato della Valle. Otacza go kilkadziesi\u0105t rze\u017ab postaci zas\u0142u\u017conych dla europejskiej historii i kultury.<\/p>\n<p style=\"text-align: center;\"> \t<img decoding=\"async\" alt=\"\" src=\"images\/Pielgrzymka_04_2014\/0100.Prato della Valle.jpg\" \/><\/p>\n<p style=\"text-align: center;\"> \t<img loading=\"lazy\" decoding=\"async\" class=\" size-full wp-image-840\" alt=\"\" src=\"https:\/\/www.witkowscy.net\/wp\/wp-content\/uploads\/2014\/07\/0100b.Prato-della-Valle.jpg\" width=\"565\" height=\"391\" srcset=\"https:\/\/www.witkowscy.net\/wp\/wp-content\/uploads\/2014\/07\/0100b.Prato-della-Valle.jpg 565w, https:\/\/www.witkowscy.net\/wp\/wp-content\/uploads\/2014\/07\/0100b.Prato-della-Valle-300x208.jpg 300w\" sizes=\"auto, (max-width: 565px) 100vw, 565px\" \/><\/p>\n<p style=\"text-align: center;\"> \t&nbsp;<\/p>\n<p style=\"text-align: center;\"> \t<span style=\"font-family:comic sans ms,cursive;\"><span style=\"font-size: 14px;\"><strong>Rimini<\/strong><\/span><\/span><br \/> \tSpali\u015bmy w Rimini, nad Adriatykiem. Poranna Msza \u015bw. na pla\u017cy&nbsp; przy wschodz\u0105cym s\u0142o\u0144cu rozpocz\u0119\u0142a przejazd do Rzymu via kolejne sanktuaria.<\/p>\n<p style=\"text-align: center;\"> \t<img decoding=\"async\" alt=\"\" src=\"images\/Pielgrzymka_04_2014\/0101.Rimini-msza sw. nad morzem o swicie.jpg\" \/><\/p>\n<p style=\"text-align: center;\"> \t<img loading=\"lazy\" decoding=\"async\" class=\" size-full wp-image-841\" alt=\"\" src=\"https:\/\/www.witkowscy.net\/wp\/wp-content\/uploads\/2014\/07\/0101.Rimini-msza-%C5%9Bw.-nad-morzem-o-%C5%9Bwicie.jpg\" width=\"590\" height=\"408\" \/><\/p>\n<p style=\"text-align: center;\"> \t&nbsp;<\/p>\n<p style=\"text-align: center;\"> \t<span style=\"font-family:comic sans ms,cursive;\"><span style=\"font-size: 14px;\"><strong>Asy\u017c<\/strong><\/span><\/span><\/p>\n<p style=\"text-align: center;\"> \tAsy\u017c nie prze\u017cywa\u0142 takiego najazdu wiernych chyba od roku 2000 zwi\u0105zanego ze \u015awiatowym Dniem M\u0142odzie\u017cy. Ale organizacja podjazd&oacute;w autokar&oacute;w na ma\u0142e parkingi by\u0142a wzorowa. Dotarli\u015bmy i do bazyliki \u015aw. Franciszka&nbsp;<\/p>\n<p style=\"text-align: center;\"> \t<img loading=\"lazy\" decoding=\"async\" class=\" size-full wp-image-842\" alt=\"\" src=\"https:\/\/www.witkowscy.net\/wp\/wp-content\/uploads\/2014\/07\/0102.Asyz-Bazylika-sw.-Franciszka.jpg\" width=\"590\" height=\"408\" srcset=\"https:\/\/www.witkowscy.net\/wp\/wp-content\/uploads\/2014\/07\/0102.Asyz-Bazylika-sw.-Franciszka.jpg 590w, https:\/\/www.witkowscy.net\/wp\/wp-content\/uploads\/2014\/07\/0102.Asyz-Bazylika-sw.-Franciszka-300x207.jpg 300w\" sizes=\"auto, (max-width: 590px) 100vw, 590px\" \/><\/p>\n<p style=\"text-align: center;\"> \t&nbsp;<\/p>\n<p style=\"text-align: center;\"> \tkt&oacute;r\u0105 &quot;zwiedzili\u015bmy&quot; w takich warunkach,<\/p>\n<p style=\"text-align: center;\"> \t<img loading=\"lazy\" decoding=\"async\" class=\" size-full wp-image-843\" alt=\"\" src=\"https:\/\/www.witkowscy.net\/wp\/wp-content\/uploads\/2014\/07\/0103.Asyz-Bazylika-sw.-Franciszka.jpg\" width=\"590\" height=\"408\" srcset=\"https:\/\/www.witkowscy.net\/wp\/wp-content\/uploads\/2014\/07\/0103.Asyz-Bazylika-sw.-Franciszka.jpg 590w, https:\/\/www.witkowscy.net\/wp\/wp-content\/uploads\/2014\/07\/0103.Asyz-Bazylika-sw.-Franciszka-300x207.jpg 300w\" sizes=\"auto, (max-width: 590px) 100vw, 590px\" \/><\/p>\n<p style=\"text-align: center;\"> \t&nbsp;<\/p>\n<p style=\"text-align: center;\"> \ti do \u015aw. Klary.<\/p>\n<p style=\"text-align: center;\"> \t<img loading=\"lazy\" decoding=\"async\" class=\" size-full wp-image-844\" alt=\"\" src=\"https:\/\/www.witkowscy.net\/wp\/wp-content\/uploads\/2014\/07\/0104.-Asyz-Bazylika-sw.-Klary.jpg\" width=\"387\" height=\"560\" srcset=\"https:\/\/www.witkowscy.net\/wp\/wp-content\/uploads\/2014\/07\/0104.-Asyz-Bazylika-sw.-Klary.jpg 387w, https:\/\/www.witkowscy.net\/wp\/wp-content\/uploads\/2014\/07\/0104.-Asyz-Bazylika-sw.-Klary-207x300.jpg 207w\" sizes=\"auto, (max-width: 387px) 100vw, 387px\" \/><\/p>\n<p style=\"text-align: center;\"> \t&nbsp;<\/p>\n<p style=\"text-align: center;\"> \tBy\u0142a nawet szansa na rzut oka na miasto i chwile zadumy. Naturalnie nie na cisz\u0119.<\/p>\n<p style=\"text-align: center;\"> \t&nbsp;<\/p>\n<p style=\"text-align: center;\"> \t<span style=\"font-size:14px;\"><span style=\"font-family: comic sans ms,cursive;\"><strong>Rzym<\/strong><\/span><\/span><\/p>\n<p style=\"text-align: center;\"> \tPo zupe\u0142nie wygodnym zakwaterowaniu na kampingu w Rzymie stosunkowo blisko Watykanu, na Via Aurelia,&nbsp; noc zosta\u0142a drastycznie skr&oacute;cona:&nbsp; o 3-ciej wyruszyli\u015bmy specjalnym autobusem dowo\u017c\u0105cym do Watykanu. Ale tam\u017ce zastali\u015bmy ju\u017c t\u0142um wype\u0142niaj\u0105cy ca\u0142\u0105 ulic\u0119 della Conciliazione koczuj\u0105cy tam\u017ce od wieczora. Nam pozosta\u0142o sta\u0107 na jej ko\u0144cu ale i tak cieszyli\u015bmy si\u0119, \u017ce mamy szans\u0119 nawet na przykucni\u0119cie na sto\u0142eczku czy wygodne postawienie obu n&oacute;g.<\/p>\n<p style=\"text-align: center;\"> \t<img decoding=\"async\" alt=\"\" src=\"images\/Pielgrzymka_04_2014\/0164. Rzym - Msza sw. kanonizacyjna JP II i Jana XXIII.jpg\" \/><\/p>\n<p style=\"text-align: center;\"> \t<img loading=\"lazy\" decoding=\"async\" class=\" size-full wp-image-845\" alt=\"\" src=\"https:\/\/www.witkowscy.net\/wp\/wp-content\/uploads\/2014\/07\/0164.-Rzym-Msza-%C5%9Bw.-kanonizacyjna-JP-II-i-Jana-XXIII.jpg\" width=\"575\" height=\"398\" \/><\/p>\n<p style=\"text-align: center;\"> \tTak czekali\u015bmy 6 godzin: \u015bpiewali\u015bmy na zmian\u0119 po polsku lub w\u0142osku, bili\u015bmy brawa gdy tylko pojawia\u0142y si\u0119 na ekranach&nbsp; zdj\u0119cia kt&oacute;rego\u015b z Papie\u017cy, pomagali\u015bmy komu\u015b sp&oacute;\u017anionemu znale\u017a\u0107 miejsce na obie nogi, podawali\u015bmy sobie rozwo\u017cone przez s\u0142u\u017cb\u0119 watyka\u0144sk\u0105 obrazki, gazety, teksty Mszy \u015bw. Czuli\u015bmy si\u0119 razem, bardzo zm\u0119czeni ale szcz\u0119\u015bliwi.<img decoding=\"async\" alt=\"\" src=\"images\/Pielgrzymka_04_2014\/0167. Rzym - Msza sw. kanonizacyjna JP II i Jana XXIII.jpg\" \/><\/p>\n<p style=\"text-align: center;\"> \t<img loading=\"lazy\" decoding=\"async\" class=\" size-full wp-image-846\" alt=\"\" src=\"https:\/\/www.witkowscy.net\/wp\/wp-content\/uploads\/2014\/07\/0167.-Rzym-Msza-%C5%9Bw.-kanonizacyjna-JP-II-i-Jana-XXIII.jpg\" width=\"570\" height=\"394\" \/><\/p>\n<p style=\"text-align: center;\"> \t&nbsp;<\/p>\n<p style=\"text-align: center;\"> \tNietypowe zastosowanie gazety IL Messaggero &#8211; czapka przeciwdeszczowa.<\/p>\n<p style=\"text-align: center;\"> \t<img decoding=\"async\" alt=\"\" src=\"images\/Pielgrzymka_04_2014\/0179. Rzym - Msza sw. kanonizacyjna JP II i Jana XXIII.jpg\" \/><\/p>\n<p style=\"text-align: center;\"> \t<img loading=\"lazy\" decoding=\"async\" class=\" size-full wp-image-847\" alt=\"\" src=\"https:\/\/www.witkowscy.net\/wp\/wp-content\/uploads\/2014\/07\/0179.-Rzym-Msza-%C5%9Bw.-kanonizacyjna-JP-II-i-Jana-XXIII.jpg\" width=\"590\" height=\"408\" \/><\/p>\n<p style=\"text-align: center;\"> \t&nbsp;<\/p>\n<p style=\"text-align: center;\"> \tOto widok, kt&oacute;rego nie pokazywa\u0142a telewizja, nieprzebrane t\u0142umy pielgrzym&oacute;w poza Placem \u015aw. Piotra, wszystkich chyba narodowo\u015bci<\/p>\n<p style=\"text-align: center;\"> \t<img decoding=\"async\" alt=\"\" src=\"images\/Pielgrzymka_04_2014\/0181.Rzym - Msza sw. kanonizacyjna JP II i Jana XXIII.jpg\" \/><\/p>\n<p style=\"text-align: center;\"> \t<img loading=\"lazy\" decoding=\"async\" class=\" size-full wp-image-848\" alt=\"\" src=\"https:\/\/www.witkowscy.net\/wp\/wp-content\/uploads\/2014\/07\/0181.Rzym-Msza-%C5%9Bw.-kanonizacyjna-JP-II-i-Jana-XXIII.jpg\" width=\"555\" height=\"384\" \/><\/p>\n<p style=\"text-align: center;\"> \t&nbsp;<\/p>\n<p style=\"text-align: center;\"> \tNastepnego dnia na Placu \u015aw. Piotra odprawiana by\u0142a msza \u015bw. dzi\u0119kczynna za kanonizacj\u0119. Uczestniczyli w niej w wi\u0119kszo\u015bci Polacy, wi\u0119c mo\u017cna by\u0142o w miar\u0119 spokojnie wej\u015bc, widzie\u0107 o\u0142tarz i uczestniczy\u0107 w nabo\u017ce\u0144stwie po w\u0142osku.<\/p>\n<p style=\"text-align: center;\"> \t<img decoding=\"async\" alt=\"\" src=\"images\/Pielgrzymka_04_2014\/0212. Msza sw. dziekczynna za kanonizacje.jpg\" \/><\/p>\n<p style=\"text-align: center;\"> \t<img loading=\"lazy\" decoding=\"async\" class=\" size-full wp-image-849\" alt=\"\" src=\"https:\/\/www.witkowscy.net\/wp\/wp-content\/uploads\/2014\/07\/0212.-Msza-%C5%9Aw.-dzi%C4%99kczynna-za-kanonizacj%C4%99.jpg\" width=\"550\" height=\"380\" \/><\/p>\n<p style=\"text-align: center;\"> \t&nbsp;<\/p>\n<p style=\"text-align: center;\"> \ta potem swobodnie porusza\u0107 si\u0119 po Placu.<\/p>\n<p style=\"text-align: center;\"> \t<img decoding=\"async\" alt=\"\" src=\"images\/Pielgrzymka_04_2014\/0213. Msza sw. dziekczynna za kanonizacje.jpg\" \/><\/p>\n<p style=\"text-align: center;\"> \t<img loading=\"lazy\" decoding=\"async\" class=\" size-full wp-image-850\" alt=\"\" src=\"https:\/\/www.witkowscy.net\/wp\/wp-content\/uploads\/2014\/07\/0213.-Msza-%C5%9Aw.-dzi%C4%99kczynna-za-kanonizacj%C4%99.jpg\" width=\"545\" height=\"377\" \/><\/p>\n<p style=\"text-align: center;\"> \t&nbsp;<\/p>\n<p style=\"text-align: center;\"> \ti zobaczy\u0107 wszystkie cuda wok&oacute;\u0142.<\/p>\n<p style=\"text-align: center;\"> \t<img decoding=\"async\" alt=\"\" src=\"images\/Pielgrzymka_04_2014\/0216. Msza sw. dziekczynna za kanonizacje.jpg\" \/><\/p>\n<p style=\"text-align: center;\"> \t<img loading=\"lazy\" decoding=\"async\" class=\" size-full wp-image-851\" alt=\"\" src=\"https:\/\/www.witkowscy.net\/wp\/wp-content\/uploads\/2014\/07\/0216.-Msza-%C5%9Aw.-dzi%C4%99kczynna-za-kanonizacj%C4%99.jpg\" width=\"555\" height=\"384\" \/><\/p>\n<p style=\"text-align: center;\"> \t&nbsp;<\/p>\n<p style=\"text-align: center;\"> \tKolejnego dnia stali\u015bmy od rana w gigantycznej kolejce opasuj\u0105cej ca\u0142y plac do zwiedzania bazyliki \u015aw. Piotra<\/p>\n<p style=\"text-align: center;\"> \t<img decoding=\"async\" alt=\"\" src=\"images\/Pielgrzymka_04_2014\/0327. Bazylika i Plac sw. Piotra.jpg\" \/><\/p>\n<p style=\"text-align: center;\"> \t<img loading=\"lazy\" decoding=\"async\" class=\" size-full wp-image-852\" alt=\"\" src=\"https:\/\/www.witkowscy.net\/wp\/wp-content\/uploads\/2014\/07\/0216a.-Bazylika-i-Plac-%C5%9Aw.-Piotra.jpg\" width=\"565\" height=\"391\" \/><\/p>\n<p style=\"text-align: center;\"> \t&nbsp;<\/p>\n<p style=\"text-align: center;\"> \tPoni\u017cej dwa sarkofagi nowych \u015bwi\u0119tych<\/p>\n<p style=\"text-align: center;\"> \t<img decoding=\"async\" alt=\"\" src=\"images\/Pielgrzymka_04_2014\/0295. Bazylika sw. Piotra.jpg\" \/><\/p>\n<p style=\"text-align: center;\"> \t<img loading=\"lazy\" decoding=\"async\" class=\" size-full wp-image-853\" alt=\"\" src=\"https:\/\/www.witkowscy.net\/wp\/wp-content\/uploads\/2014\/07\/0217.-Bazylika-sw.-Piotra.jpg\" width=\"535\" height=\"370\" srcset=\"https:\/\/www.witkowscy.net\/wp\/wp-content\/uploads\/2014\/07\/0217.-Bazylika-sw.-Piotra.jpg 535w, https:\/\/www.witkowscy.net\/wp\/wp-content\/uploads\/2014\/07\/0217.-Bazylika-sw.-Piotra-300x207.jpg 300w\" sizes=\"auto, (max-width: 535px) 100vw, 535px\" \/><\/p>\n<p style=\"text-align: center;\"> \t&nbsp;<\/p>\n<p style=\"text-align: center;\"> \tJan XXIII<\/p>\n<p style=\"text-align: center;\"> \t<img loading=\"lazy\" decoding=\"async\" class=\" size-full wp-image-854\" alt=\"\" src=\"https:\/\/www.witkowscy.net\/wp\/wp-content\/uploads\/2014\/07\/0218.-Bazylika-sw.-Piotra.jpg\" width=\"585\" height=\"406\" srcset=\"https:\/\/www.witkowscy.net\/wp\/wp-content\/uploads\/2014\/07\/0218.-Bazylika-sw.-Piotra.jpg 585w, https:\/\/www.witkowscy.net\/wp\/wp-content\/uploads\/2014\/07\/0218.-Bazylika-sw.-Piotra-300x208.jpg 300w\" sizes=\"auto, (max-width: 585px) 100vw, 585px\" \/><\/p>\n<p style=\"text-align: center;\"> \t&nbsp;<\/p>\n<p style=\"text-align: center;\"> \t<img decoding=\"async\" alt=\"\" src=\"images\/Pielgrzymka_04_2014\/0296. Bazylika sw. Piotra.jpg\" \/><\/p>\n<p style=\"text-align: center;\"> \ta po po\u0142udniu zwiedzali\u015bmy inne bazyliki rzymskie,<\/p>\n<p style=\"text-align: center;\"> \tm.in.\u015aw. Paw\u0142a za Murami<\/p>\n<p style=\"text-align: center;\"> \t<img decoding=\"async\" alt=\"\" src=\"images\/Pielgrzymka_04_2014\/0299. Bazylika sw. Pawla za Murami.jpg\" \/><\/p>\n<p style=\"text-align: center;\"> \t<img loading=\"lazy\" decoding=\"async\" class=\" size-full wp-image-855\" alt=\"\" src=\"https:\/\/www.witkowscy.net\/wp\/wp-content\/uploads\/2014\/07\/0295.-Bazylika-sw.-Pawla-za-Murami.jpg\" width=\"570\" height=\"394\" srcset=\"https:\/\/www.witkowscy.net\/wp\/wp-content\/uploads\/2014\/07\/0295.-Bazylika-sw.-Pawla-za-Murami.jpg 570w, https:\/\/www.witkowscy.net\/wp\/wp-content\/uploads\/2014\/07\/0295.-Bazylika-sw.-Pawla-za-Murami-300x207.jpg 300w\" sizes=\"auto, (max-width: 570px) 100vw, 570px\" \/><\/p>\n<p style=\"text-align: center;\"> \t&nbsp;<\/p>\n<p style=\"text-align: center;\"> \ta w niej s\u0142awny poczet papie\u017cy (jest na nim dw&oacute;ch aktualnie \u017cyj\u0105cych!)<\/p>\n<p style=\"text-align: center;\"> \t<img loading=\"lazy\" decoding=\"async\" class=\" size-full wp-image-856\" alt=\"\" src=\"https:\/\/www.witkowscy.net\/wp\/wp-content\/uploads\/2014\/07\/0298.-Bazylika-sw.-Pawla-za-Murami.jpg\" width=\"560\" height=\"387\" srcset=\"https:\/\/www.witkowscy.net\/wp\/wp-content\/uploads\/2014\/07\/0298.-Bazylika-sw.-Pawla-za-Murami.jpg 560w, https:\/\/www.witkowscy.net\/wp\/wp-content\/uploads\/2014\/07\/0298.-Bazylika-sw.-Pawla-za-Murami-300x207.jpg 300w\" sizes=\"auto, (max-width: 560px) 100vw, 560px\" \/><\/p>\n<p style=\"text-align: center;\"> \t&nbsp;<\/p>\n<p style=\"text-align: center;\"> \ti Coloseum.<\/p>\n<p style=\"text-align: center;\"> \t<img decoding=\"async\" alt=\"\" src=\"images\/Pielgrzymka_04_2014\/0294. Coloseum.jpg\" \/><\/p>\n<p style=\"text-align: center;\"> \t<img loading=\"lazy\" decoding=\"async\" class=\" size-full wp-image-857\" alt=\"\" src=\"https:\/\/www.witkowscy.net\/wp\/wp-content\/uploads\/2014\/07\/0299.-Coloseum.jpg\" width=\"384\" height=\"555\" srcset=\"https:\/\/www.witkowscy.net\/wp\/wp-content\/uploads\/2014\/07\/0299.-Coloseum.jpg 384w, https:\/\/www.witkowscy.net\/wp\/wp-content\/uploads\/2014\/07\/0299.-Coloseum-208x300.jpg 208w\" sizes=\"auto, (max-width: 384px) 100vw, 384px\" \/><\/p>\n<p style=\"text-align: center;\"> \t&nbsp;<\/p>\n<p style=\"text-align: center;\"> \tCh\u0142opc&oacute;w zaciekawi\u0142o po\u0142o\u017cenie staro\u017cytnych budowli &#8211; znajduj\u0105 si\u0119 ponad 5 m poni\u017cej obecnej ulicy.<\/p>\n<p style=\"text-align: center;\"> \t<img loading=\"lazy\" decoding=\"async\" class=\" size-full wp-image-858\" alt=\"\" src=\"https:\/\/www.witkowscy.net\/wp\/wp-content\/uploads\/2014\/07\/0300.-Rzym-starozytny-Kapitol..jpg\" width=\"388\" height=\"560\" srcset=\"https:\/\/www.witkowscy.net\/wp\/wp-content\/uploads\/2014\/07\/0300.-Rzym-starozytny-Kapitol..jpg 388w, https:\/\/www.witkowscy.net\/wp\/wp-content\/uploads\/2014\/07\/0300.-Rzym-starozytny-Kapitol.-208x300.jpg 208w\" sizes=\"auto, (max-width: 388px) 100vw, 388px\" \/><\/p>\n<p style=\"text-align: center;\"> \t<img decoding=\"async\" alt=\"\" src=\"images\/Pielgrzymka_04_2014\/0297.  Rzym - starozytny - Kapitol..jpg\" \/><\/p>\n<p style=\"text-align: center;\"> \t&nbsp;<\/p>\n<p style=\"text-align: center;\"> \t<span style=\"font-size:14px;\"><span style=\"font-family: comic sans ms,cursive;\"><strong>&nbsp;Monte Cassino.<\/strong><\/span><\/span><\/p>\n<p style=\"text-align: center;\"> \tPo zwiedzeniu bazyliki \u015aw. Benedykta, ksi\u0105dz &#8211; pilot odprawi\u0142 na cmentarzu polskim msz\u0119 \u015bw. za poleg\u0142ych w walce o klasztor.<\/p>\n<p style=\"text-align: center;\"> \t<img decoding=\"async\" alt=\"\" src=\"images\/Pielgrzymka_04_2014\/0587. Cmentarz polski na Monte Cassino - Msza sw.jpg\" \/><\/p>\n<p style=\"text-align: center;\"> \t<img loading=\"lazy\" decoding=\"async\" class=\" size-full wp-image-859\" alt=\"\" src=\"https:\/\/www.witkowscy.net\/wp\/wp-content\/uploads\/2014\/07\/0587.-Cmentarz-polski-na-Monte-Cassino-Msza-%C5%9Aw.jpg\" width=\"550\" height=\"380\" \/><\/p>\n<p style=\"text-align: center;\"> \t&nbsp;<\/p>\n<p style=\"text-align: center;\"> \t<img loading=\"lazy\" decoding=\"async\" class=\" size-full wp-image-860\" alt=\"\" src=\"https:\/\/www.witkowscy.net\/wp\/wp-content\/uploads\/2014\/07\/0590.-Cmentarz-polski-na-Monte-Cassino-Msza-%C5%9Aw.jpg\" width=\"545\" height=\"378\" \/><\/p>\n<p style=\"text-align: center;\"> \t<img decoding=\"async\" alt=\"\" src=\"images\/Pielgrzymka_04_2014\/0590. Cmentarz polski na Monte Cassino - Msza sw.jpg\" \/><\/p>\n<p style=\"text-align: center;\"> \t&nbsp;<\/p>\n<p style=\"text-align: center;\"> \ta po niej odby\u0142 si\u0119 apel poleg\u0142ych przy krzy\u017cu Virtuti Militari, gdzie z\u0142o\u017cyli\u015bmy kwiaty.<\/p>\n<p style=\"text-align: center;\"> \t<img decoding=\"async\" alt=\"\" src=\"images\/Pielgrzymka_04_2014\/0617. Cmentarz polski na Monte Cassino - Apel poleglych.jpg\" \/><\/p>\n<p style=\"text-align: center;\"> \t<img loading=\"lazy\" decoding=\"async\" class=\" size-full wp-image-861\" alt=\"\" src=\"https:\/\/www.witkowscy.net\/wp\/wp-content\/uploads\/2014\/07\/0617.-Cmentarz-polski-na-Monte-Cassino-Apel-poleg%C5%82ych.jpg\" width=\"560\" height=\"387\" \/><\/p>\n<p style=\"text-align: center;\"> \t&nbsp;<\/p>\n<p style=\"text-align: center;\"> \tJanek w imieniu pielgrzym&oacute;w sk\u0142ada kwiaty.<\/p>\n<p style=\"text-align: center;\"> \t<img loading=\"lazy\" decoding=\"async\" class=\" size-full wp-image-862\" alt=\"\" src=\"https:\/\/www.witkowscy.net\/wp\/wp-content\/uploads\/2014\/07\/0634.-Cmentarz-polski-na-Monte-Cassino-Apel-poleg%C5%82ych.jpg\" width=\"378\" height=\"545\" \/><\/p>\n<p style=\"text-align: center;\"> \t<img decoding=\"async\" alt=\"\" src=\"images\/Pielgrzymka_04_2014\/0634. Cmentarz polski na Monte Cassino - Apel poleglych.jpg\" \/><\/p>\n<p style=\"text-align: center;\"> \t&nbsp;<\/p>\n<p style=\"text-align: center;\"> \tPielgrzymia rodzinka na tle klasztoru \u015aw. Benedykta<\/p>\n<p style=\"text-align: center;\"> \t<img loading=\"lazy\" decoding=\"async\" class=\" size-full wp-image-863\" alt=\"\" src=\"https:\/\/www.witkowscy.net\/wp\/wp-content\/uploads\/2014\/07\/0637.-Cmentarz-polski-na-Monte-Cassino.jpg\" width=\"560\" height=\"387\" srcset=\"https:\/\/www.witkowscy.net\/wp\/wp-content\/uploads\/2014\/07\/0637.-Cmentarz-polski-na-Monte-Cassino.jpg 560w, https:\/\/www.witkowscy.net\/wp\/wp-content\/uploads\/2014\/07\/0637.-Cmentarz-polski-na-Monte-Cassino-300x207.jpg 300w\" sizes=\"auto, (max-width: 560px) 100vw, 560px\" \/><\/p>\n<p style=\"text-align: center;\"> \t&nbsp;<\/p>\n<p style=\"text-align: center;\"> \t<strong><span style=\"font-family:comic sans ms,cursive;\"><span style=\"font-size:14px;\">Monte di San Angelo<\/span><\/span><\/strong><\/p>\n<p style=\"text-align: center;\"> \tDalsza droga zawiod\u0142a nas na p&oacute;\u0142wysep Gargano, do Monte&nbsp; di san Angelo, kt&oacute;re przywita\u0142o nas chmurami zas\u0142aniaj\u0105cymi miasteczko, gdy\u017c le\u017cy ono na wysoko\u015bci 850 npm. S\u0142ynne z objawie\u0144 \u015aw. Micha\u0142a Archanio\u0142a, z kt&oacute;rych trzy pierwsze mia\u0142y miejsce&nbsp; w V wieku. Objawienia odbywa\u0142y si\u0119 w grocie nad b. stromym urwiskiem nad morzem. Dzi\u015b grota zamieniona w sanktuarium \u015aw. Micha\u0142a Archanio\u0142a jest miejscem jego najwi\u0119kszego kultu.<\/p>\n<p style=\"text-align: center;\"> \t<img loading=\"lazy\" decoding=\"async\" class=\" size-full wp-image-864\" alt=\"\" src=\"https:\/\/www.witkowscy.net\/wp\/wp-content\/uploads\/2014\/07\/0667.-Monte-di-S.-Angelo-w-chmurach.jpg\" width=\"560\" height=\"387\" srcset=\"https:\/\/www.witkowscy.net\/wp\/wp-content\/uploads\/2014\/07\/0667.-Monte-di-S.-Angelo-w-chmurach.jpg 560w, https:\/\/www.witkowscy.net\/wp\/wp-content\/uploads\/2014\/07\/0667.-Monte-di-S.-Angelo-w-chmurach-300x207.jpg 300w\" sizes=\"auto, (max-width: 560px) 100vw, 560px\" \/><\/p>\n<p style=\"text-align: center;\"> \t&nbsp;<\/p>\n<p style=\"text-align: center;\"> \tTe schody prowadz\u0105 do groty ojawie\u0144<\/p>\n<p style=\"text-align: center;\"> \t<img loading=\"lazy\" decoding=\"async\" class=\" size-full wp-image-865\" alt=\"\" src=\"https:\/\/www.witkowscy.net\/wp\/wp-content\/uploads\/2014\/07\/0682.-Sanktuarium-%C5%9Aw.-Micha%C5%82a-Archanio%C5%82a.jpg\" width=\"384\" height=\"555\" \/><\/p>\n<p style=\"text-align: center;\"> \t<img decoding=\"async\" alt=\"\" src=\"images\/Pielgrzymka_04_2014\/0682. Sanktuarium sw. Michala Archaniola.jpg\" \/><\/p>\n<p style=\"text-align: center;\"> \t&nbsp;<\/p>\n<p style=\"text-align: center;\"> \tJedna z kaplic mijanych po drodze<\/p>\n<p style=\"text-align: center;\"> \t<img loading=\"lazy\" decoding=\"async\" class=\" size-full wp-image-866\" alt=\"\" src=\"https:\/\/www.witkowscy.net\/wp\/wp-content\/uploads\/2014\/07\/0686.-Sanktuarium-%C5%9Aw.-Micha%C5%82a-Archanio%C5%82a.jpg\" width=\"550\" height=\"380\" \/><\/p>\n<p style=\"text-align: center;\"> \t&nbsp;<\/p>\n<p style=\"text-align: center;\"> \t&nbsp;<\/p>\n<p style=\"text-align: center;\"> \tG\u0142&oacute;wna grota sanktuarium &#8211; miejsce objawie\u0144<\/p>\n<p style=\"text-align: center;\"> \t<img loading=\"lazy\" decoding=\"async\" class=\" size-full wp-image-867\" alt=\"\" src=\"https:\/\/www.witkowscy.net\/wp\/wp-content\/uploads\/2014\/07\/Sanktuarium-sw.-Michla-Archaniola-V-XIV-w.-Puglia.jpg\" width=\"590\" height=\"408\" srcset=\"https:\/\/www.witkowscy.net\/wp\/wp-content\/uploads\/2014\/07\/Sanktuarium-sw.-Michla-Archaniola-V-XIV-w.-Puglia.jpg 590w, https:\/\/www.witkowscy.net\/wp\/wp-content\/uploads\/2014\/07\/Sanktuarium-sw.-Michla-Archaniola-V-XIV-w.-Puglia-300x207.jpg 300w\" sizes=\"auto, (max-width: 590px) 100vw, 590px\" \/><\/p>\n<p style=\"text-align: center;\"> \t&nbsp;<\/p>\n<p style=\"text-align: center;\"> \t&nbsp;<\/p>\n<p style=\"text-align: center;\"> \t<img decoding=\"async\" alt=\"\" src=\"images\/Pielgrzymka_04_2014\/0686. Sanktuarium sw. Michala Archaniola.jpg\" \/><\/p>\n<p style=\"text-align: center;\"> \t&nbsp;<\/p>\n<p style=\"text-align: center;\"> \t<strong><span style=\"font-size:14px;\"><span style=\"font-family:comic sans ms,cursive;\">San Giovanni Rotondo<\/span><\/span><\/strong><\/p>\n<p style=\"text-align: center;\"> \t&nbsp;<\/p>\n<p style=\"text-align: center;\"> \tNa p&oacute;\u0142wyspie Gargano jest te\u017c sanktuarium \u015aw. O. Pio w San Giovanni Rotondo. Niedawno wybudowano ogromn\u0105 nowoczesn\u0105 bazylik\u0119, do kt&oacute;rej podziemi przeniesiono cia\u0142o \u015awi\u0119tego.<\/p>\n<p style=\"text-align: center;\"> \t<img loading=\"lazy\" decoding=\"async\" class=\" size-full wp-image-868\" alt=\"\" src=\"https:\/\/www.witkowscy.net\/wp\/wp-content\/uploads\/2014\/07\/0716.-S.-Giovanni-Rotondo-sanktuarium-O.-Pio.jpg\" width=\"560\" height=\"387\" srcset=\"https:\/\/www.witkowscy.net\/wp\/wp-content\/uploads\/2014\/07\/0716.-S.-Giovanni-Rotondo-sanktuarium-O.-Pio.jpg 560w, https:\/\/www.witkowscy.net\/wp\/wp-content\/uploads\/2014\/07\/0716.-S.-Giovanni-Rotondo-sanktuarium-O.-Pio-300x207.jpg 300w\" sizes=\"auto, (max-width: 560px) 100vw, 560px\" \/><\/p>\n<p style=\"text-align: center;\"> \t&nbsp;<\/p>\n<p style=\"text-align: center;\"> \tMsza \u015bw. dla Polak&oacute;w &#8211; Franek &#8211; lektor<\/p>\n<p style=\"text-align: center;\"> \t<img loading=\"lazy\" decoding=\"async\" class=\" size-full wp-image-869\" alt=\"\" src=\"https:\/\/www.witkowscy.net\/wp\/wp-content\/uploads\/2014\/07\/0723.-S.-Giovanni-Rotondo-sanktuarium-O.-Pio.jpg\" width=\"560\" height=\"388\" srcset=\"https:\/\/www.witkowscy.net\/wp\/wp-content\/uploads\/2014\/07\/0723.-S.-Giovanni-Rotondo-sanktuarium-O.-Pio.jpg 560w, https:\/\/www.witkowscy.net\/wp\/wp-content\/uploads\/2014\/07\/0723.-S.-Giovanni-Rotondo-sanktuarium-O.-Pio-300x208.jpg 300w\" sizes=\"auto, (max-width: 560px) 100vw, 560px\" \/><\/p>\n<p style=\"text-align: center;\"> \t&nbsp;<\/p>\n<p style=\"text-align: center;\"> \tNienaruszone cia\u0142o O. Pio wyj\u0119te z sarkofagu 40 lat po \u015bmierci<\/p>\n<p style=\"text-align: center;\"> \t<img loading=\"lazy\" decoding=\"async\" class=\" size-full wp-image-870\" alt=\"\" src=\"https:\/\/www.witkowscy.net\/wp\/wp-content\/uploads\/2014\/07\/0734.-S.-Giovanni-Rotondo-sanktuarium-O.-Pio.jpg\" width=\"550\" height=\"380\" srcset=\"https:\/\/www.witkowscy.net\/wp\/wp-content\/uploads\/2014\/07\/0734.-S.-Giovanni-Rotondo-sanktuarium-O.-Pio.jpg 550w, https:\/\/www.witkowscy.net\/wp\/wp-content\/uploads\/2014\/07\/0734.-S.-Giovanni-Rotondo-sanktuarium-O.-Pio-300x207.jpg 300w\" sizes=\"auto, (max-width: 550px) 100vw, 550px\" \/><\/p>\n<p style=\"text-align: center;\"> \t&nbsp;<\/p>\n<p style=\"text-align: center;\"> \tA to miejsce w podziemiach starego ko\u015bcio\u0142a z sarkofagiem gdzie pochowano \u015awi\u0119tego po \u015bmierci w 1968 r. zas\u0142ane pro\u015bbami &#8211; karteczkami o wstawiennictwo. Nadal gromadzi t\u0142umy.<\/p>\n<p style=\"text-align: center;\"> \t<img loading=\"lazy\" decoding=\"async\" class=\" size-full wp-image-871\" alt=\"\" src=\"https:\/\/www.witkowscy.net\/wp\/wp-content\/uploads\/2014\/07\/0739.-Sanktuarium-O.-Pio-muzeum.jpg\" width=\"387\" height=\"560\" srcset=\"https:\/\/www.witkowscy.net\/wp\/wp-content\/uploads\/2014\/07\/0739.-Sanktuarium-O.-Pio-muzeum.jpg 387w, https:\/\/www.witkowscy.net\/wp\/wp-content\/uploads\/2014\/07\/0739.-Sanktuarium-O.-Pio-muzeum-207x300.jpg 207w\" sizes=\"auto, (max-width: 387px) 100vw, 387px\" \/><\/p>\n<p style=\"text-align: center;\"> \t&nbsp;<\/p>\n<p style=\"text-align: center;\"> \tNa wzg&oacute;rzu nad ko\u015b\u0107io\u0142ami znajduje si\u0119 Droga Krzy\u017cowa. Jedn\u0105 z najbardziej wymownych stacji jest ta, gdzie zamiast Szymona z Cyreny pomaga nie\u015b\u0107 krzy\u017c Pana Jezusa &#8211; O. Pio.<\/p>\n<p style=\"text-align: center;\"> \t<img loading=\"lazy\" decoding=\"async\" class=\" size-full wp-image-872\" alt=\"\" src=\"https:\/\/www.witkowscy.net\/wp\/wp-content\/uploads\/2014\/07\/0767.-S.-Giovanni-Rotondo-droga-krzy%C5%BCowa.jpg\" width=\"387\" height=\"560\" \/><\/p>\n<p style=\"text-align: center;\"> \t<img decoding=\"async\" alt=\"\" src=\"images\/Pielgrzymka_04_2014\/0767. S. Giovanni Rotondo - droga krzyzowa.jpg\" \/><\/p>\n<p style=\"text-align: center;\"> \t&nbsp;<\/p>\n<p style=\"text-align: center;\"> \tPo lewej stronie najstarszy ko\u015bci&oacute;\u0142 kapucyn&oacute;w z klasztorem, a po prawej zbudowany przez Niego nowy ko\u015bci&oacute;\u0142, dzi\u015b ju\u017c nie mog\u0105cy pomie\u015bci\u0107 olbrzymich rzesz pielgrzym&oacute;w<\/p>\n<p style=\"text-align: center;\"> \t<img decoding=\"async\" alt=\"\" src=\"images\/Pielgrzymka_04_2014\/0796. S. Giovanni Rotondo-stary i nowszy kosciol kapucynow.jpg\" \/><\/p>\n<p style=\"text-align: center;\"> \t<img loading=\"lazy\" decoding=\"async\" class=\" size-full wp-image-873\" alt=\"\" src=\"https:\/\/www.witkowscy.net\/wp\/wp-content\/uploads\/2014\/07\/0796.-S.-Giovanni-Rotondo-stary-i-nowszy-ko%C5%9Bci%C3%B3%C5%82-kapucyn%C3%B3w.jpg\" width=\"560\" height=\"388\" \/><\/p>\n<p style=\"text-align: center;\"> \t&nbsp;<\/p>\n<p style=\"text-align: center;\"> \ti dlatego wzniesiono najnowsz\u0105 bazylik\u0119. Nowoczesna i przestronna wygodnie mie\u015bci tysi\u0105ce pielgrzym&oacute;w, ale nie ma nic wsp&oacute;lnego ze skromno\u015bci\u0105, prostot\u0105 i bied\u0105 \u015awi\u0119tego.<\/p>\n<p style=\"text-align: center;\"> \t<img loading=\"lazy\" decoding=\"async\" class=\" size-full wp-image-874\" alt=\"\" src=\"https:\/\/www.witkowscy.net\/wp\/wp-content\/uploads\/2014\/07\/0798.-S.-Giovanni-Rotondo-Sanktuarium-O.-Pio.jpg\" width=\"560\" height=\"388\" srcset=\"https:\/\/www.witkowscy.net\/wp\/wp-content\/uploads\/2014\/07\/0798.-S.-Giovanni-Rotondo-Sanktuarium-O.-Pio.jpg 560w, https:\/\/www.witkowscy.net\/wp\/wp-content\/uploads\/2014\/07\/0798.-S.-Giovanni-Rotondo-Sanktuarium-O.-Pio-300x208.jpg 300w\" sizes=\"auto, (max-width: 560px) 100vw, 560px\" \/><\/p>\n<p style=\"text-align: center;\"> \t&nbsp;<\/p>\n<p style=\"text-align: center;\"> \t<strong><span style=\"font-family:comic sans ms,cursive;\"><span style=\"font-size:14px;\">Manopello<\/span><\/span><\/strong><\/p>\n<p style=\"text-align: center;\"> \tKolejny etap naszego pielgrzymowania to Manopello w Abruzzach, ma\u0142y ko\u015bci&oacute;\u0142ek &#8211; Sanktuarim \u015aw. Oblicza &#8211;<\/p>\n<p style=\"text-align: center;\"> \t<img loading=\"lazy\" decoding=\"async\" class=\" size-full wp-image-875\" alt=\"\" src=\"https:\/\/www.witkowscy.net\/wp\/wp-content\/uploads\/2014\/07\/0811.-Manopello-sanktuarium-Cudownego-Oblicza.jpg\" width=\"560\" height=\"387\" srcset=\"https:\/\/www.witkowscy.net\/wp\/wp-content\/uploads\/2014\/07\/0811.-Manopello-sanktuarium-Cudownego-Oblicza.jpg 560w, https:\/\/www.witkowscy.net\/wp\/wp-content\/uploads\/2014\/07\/0811.-Manopello-sanktuarium-Cudownego-Oblicza-300x207.jpg 300w\" sizes=\"auto, (max-width: 560px) 100vw, 560px\" \/><\/p>\n<p style=\"text-align: center;\"> \t&nbsp;<\/p>\n<p style=\"text-align: center;\"> \tkryj\u0105cy chust\u0119 z bisioru, na kt&oacute;rej ukazuje si\u0119, tylko pod pewnym k\u0105tem patrzenia, Oblicze powracaj\u0105cego do \u017cycia Pana Jezusa.<\/p>\n<p style=\"text-align: center;\"> \t<img loading=\"lazy\" decoding=\"async\" class=\" size-full wp-image-876\" alt=\"\" src=\"https:\/\/www.witkowscy.net\/wp\/wp-content\/uploads\/2014\/07\/0814.-Manopello-sanktuarium-Cudownego-Oblicza.jpg\" width=\"378\" height=\"565\" srcset=\"https:\/\/www.witkowscy.net\/wp\/wp-content\/uploads\/2014\/07\/0814.-Manopello-sanktuarium-Cudownego-Oblicza.jpg 378w, https:\/\/www.witkowscy.net\/wp\/wp-content\/uploads\/2014\/07\/0814.-Manopello-sanktuarium-Cudownego-Oblicza-201x300.jpg 201w\" sizes=\"auto, (max-width: 378px) 100vw, 378px\" \/><\/p>\n<p style=\"text-align: center;\"> \t&nbsp;<\/p>\n<p style=\"text-align: center;\"> \tChust\u0119 ogl\u0105da si\u0119 z obu stron, z przodu i z ty\u0142u. To miejsce nie jest jeszcze zbyt znane. Pomo ogromnego t\u0142umu pielgrzym&oacute;w, kt&oacute;re nawiedzi\u0142y W\u0142och w tych dniach, zachowa\u0142o cisz\u0119, spok&oacute;j i kameralno\u015b\u0107<\/p>\n<p style=\"text-align: center;\"> \t<img loading=\"lazy\" decoding=\"async\" class=\" size-full wp-image-877\" alt=\"\" src=\"https:\/\/www.witkowscy.net\/wp\/wp-content\/uploads\/2014\/07\/0821.-Manopello-sanktuarium-Cudownego-Oblicza.jpg\" width=\"560\" height=\"388\" srcset=\"https:\/\/www.witkowscy.net\/wp\/wp-content\/uploads\/2014\/07\/0821.-Manopello-sanktuarium-Cudownego-Oblicza.jpg 560w, https:\/\/www.witkowscy.net\/wp\/wp-content\/uploads\/2014\/07\/0821.-Manopello-sanktuarium-Cudownego-Oblicza-300x208.jpg 300w\" sizes=\"auto, (max-width: 560px) 100vw, 560px\" \/><\/p>\n<p style=\"text-align: center;\"> \t&nbsp;<\/p>\n<p style=\"text-align: center;\"> \tKo\u015bci&oacute;\u0142 w Manopello z zewn\u0105trz<\/p>\n<p style=\"text-align: center;\"> \t<img loading=\"lazy\" decoding=\"async\" class=\" size-full wp-image-878\" alt=\"\" src=\"https:\/\/www.witkowscy.net\/wp\/wp-content\/uploads\/2014\/07\/0833.-Manopello-sanktuarium-Cudownego-Oblicza.jpg\" width=\"411\" height=\"550\" srcset=\"https:\/\/www.witkowscy.net\/wp\/wp-content\/uploads\/2014\/07\/0833.-Manopello-sanktuarium-Cudownego-Oblicza.jpg 411w, https:\/\/www.witkowscy.net\/wp\/wp-content\/uploads\/2014\/07\/0833.-Manopello-sanktuarium-Cudownego-Oblicza-224x300.jpg 224w\" sizes=\"auto, (max-width: 411px) 100vw, 411px\" \/><\/p>\n<p style=\"text-align: center;\"> \t&nbsp;<\/p>\n<p style=\"text-align: center;\"> \t<strong><span style=\"font-family:comic sans ms,cursive;\"><span style=\"font-size:14px;\">Loreto<\/span><\/span><\/strong><\/p>\n<p style=\"text-align: center;\"> \t&nbsp;<\/p>\n<p style=\"text-align: center;\"> \tOstatnie nawiedzane sanktuarium to Bazylika w Loreto &#8211; sanktuarium Santa Casa &#8211; \u015awi\u0119tego Domku ( z Nazaretu),<\/p>\n<p style=\"text-align: center;\"> \t<img loading=\"lazy\" decoding=\"async\" class=\" size-full wp-image-879\" alt=\"\" src=\"https:\/\/www.witkowscy.net\/wp\/wp-content\/uploads\/2014\/07\/0835.-Loretto-Sanktuarium-Santa-Casa.jpg\" width=\"560\" height=\"387\" srcset=\"https:\/\/www.witkowscy.net\/wp\/wp-content\/uploads\/2014\/07\/0835.-Loretto-Sanktuarium-Santa-Casa.jpg 560w, https:\/\/www.witkowscy.net\/wp\/wp-content\/uploads\/2014\/07\/0835.-Loretto-Sanktuarium-Santa-Casa-300x207.jpg 300w\" sizes=\"auto, (max-width: 560px) 100vw, 560px\" \/><\/p>\n<p style=\"text-align: center;\"> \t&nbsp;<\/p>\n<p style=\"text-align: center;\"> \tkt&oacute;ry znajduje si\u0119 wewn\u0105trz Bazyliki,<\/p>\n<p style=\"text-align: center;\"> \t<img decoding=\"async\" alt=\"\" src=\"images\/Pielgrzymka_04_2014\/0846. Loretto - Sanktuarium Santa Casa.jpg\" \/><\/p>\n<p style=\"text-align: center;\"> \t<img loading=\"lazy\" decoding=\"async\" class=\" size-full wp-image-880\" alt=\"\" src=\"https:\/\/www.witkowscy.net\/wp\/wp-content\/uploads\/2014\/07\/0835a.-Loretto-Sanktuarium-Santa-Casa.jpg\" width=\"388\" height=\"560\" srcset=\"https:\/\/www.witkowscy.net\/wp\/wp-content\/uploads\/2014\/07\/0835a.-Loretto-Sanktuarium-Santa-Casa.jpg 388w, https:\/\/www.witkowscy.net\/wp\/wp-content\/uploads\/2014\/07\/0835a.-Loretto-Sanktuarium-Santa-Casa-208x300.jpg 208w\" sizes=\"auto, (max-width: 388px) 100vw, 388px\" \/><\/p>\n<p style=\"text-align: center;\"> \t&nbsp;<\/p>\n<p style=\"text-align: center;\"> \ta w nim cudowna figura Matki Bo\u017cej Loreta\u0144skiej. Tu z inicjatywy ksi\u0119dza wszystkie ma\u0142\u017ce\u0144stwa pielgrzymie uroczy\u015bcie odnawia\u0142y przysi\u0119g\u0119 \u015blubn\u0105 podczas Mszy \u015bw.<br \/> \t<img loading=\"lazy\" decoding=\"async\" class=\" size-full wp-image-881\" alt=\"\" src=\"https:\/\/www.witkowscy.net\/wp\/wp-content\/uploads\/2014\/07\/0841.-Loretto-Santa-Casa.jpg\" width=\"560\" height=\"373\" srcset=\"https:\/\/www.witkowscy.net\/wp\/wp-content\/uploads\/2014\/07\/0841.-Loretto-Santa-Casa.jpg 560w, https:\/\/www.witkowscy.net\/wp\/wp-content\/uploads\/2014\/07\/0841.-Loretto-Santa-Casa-300x200.jpg 300w\" sizes=\"auto, (max-width: 560px) 100vw, 560px\" \/><\/p>\n<p style=\"text-align: center;\"> \t&nbsp;<\/p>\n<p style=\"text-align: center;\"> \t<img loading=\"lazy\" decoding=\"async\" class=\" size-full wp-image-882\" alt=\"\" src=\"https:\/\/www.witkowscy.net\/wp\/wp-content\/uploads\/2014\/07\/0842.-Loretto-Sanktuarium-Santa-Casa.jpg\" width=\"540\" height=\"426\" srcset=\"https:\/\/www.witkowscy.net\/wp\/wp-content\/uploads\/2014\/07\/0842.-Loretto-Sanktuarium-Santa-Casa.jpg 540w, https:\/\/www.witkowscy.net\/wp\/wp-content\/uploads\/2014\/07\/0842.-Loretto-Sanktuarium-Santa-Casa-300x237.jpg 300w\" sizes=\"auto, (max-width: 540px) 100vw, 540px\" \/><\/p>\n<p style=\"text-align: center;\"> \t&nbsp;<\/p>\n<p style=\"text-align: center;\"> \tPoni\u017cej&nbsp; znajduje si\u0119 cmentarz \u017co\u0142nierzy polskich (g\u0142&oacute;wnie lotnik&oacute;w), kt&oacute;rzy brali udzia\u0142 w walkach o Ankon\u0119, i dzielnie przyczynili si\u0119 do uratowania z po\u017caru zbombardowanej bazyliki.<\/p>\n<p style=\"text-align: center;\"> \t<img loading=\"lazy\" decoding=\"async\" class=\" size-full wp-image-883\" alt=\"\" src=\"https:\/\/www.witkowscy.net\/wp\/wp-content\/uploads\/2014\/07\/0868.-Loretto-polski-cmentarz-wojenny.jpg\" width=\"560\" height=\"379\" srcset=\"https:\/\/www.witkowscy.net\/wp\/wp-content\/uploads\/2014\/07\/0868.-Loretto-polski-cmentarz-wojenny.jpg 560w, https:\/\/www.witkowscy.net\/wp\/wp-content\/uploads\/2014\/07\/0868.-Loretto-polski-cmentarz-wojenny-300x203.jpg 300w\" sizes=\"auto, (max-width: 560px) 100vw, 560px\" \/><\/p>\n<p style=\"text-align: center;\"> \t&nbsp;<\/p>\n<p style=\"text-align: center;\"> \tMa\u0142y uczynny tragarz &#8211; podpora starszych pielgrzym&oacute;w &#8211; dowozi baga\u017ce do autokaru<\/p>\n<p style=\"text-align: center;\"> \t<img loading=\"lazy\" decoding=\"async\" class=\" size-full wp-image-884\" alt=\"\" src=\"https:\/\/www.witkowscy.net\/wp\/wp-content\/uploads\/2014\/07\/0884.-Loretto-ruszamy-w-drog%C4%99-powrotn%C4%85.jpg\" width=\"560\" height=\"387\" \/><\/p>\n<p style=\"text-align: center;\"> \t<img decoding=\"async\" alt=\"\" src=\"images\/Pielgrzymka_04_2014\/0884. Loretto - ruszamy w droge powrotna.jpg\" \/><\/p>\n<p style=\"text-align: center;\"> \t&nbsp;<\/p>\n<p style=\"text-align: center;\"> \t<strong><span style=\"font-family:comic sans ms,cursive;\"><span style=\"font-size:14px;\">Lignano<\/span><\/span><\/strong><\/p>\n<p style=\"text-align: center;\"> \t&nbsp;<\/p>\n<p style=\"text-align: center;\"> \tWracamy do kraju &#8211; ostatni nocleg sp\u0119dzili\u015bmy w lususowym hotelu ko\u0142o Triestu w Lignano, gdzie m\u0142odzie\u017c mimo niskich temperatur z rozkosz\u0105 za\u017cywala k\u0105pieli, ku przera\u017ceniu tubylc&oacute;w.<\/p>\n<p style=\"text-align: center;\"> \t<img decoding=\"async\" alt=\"\" src=\"images\/Pielgrzymka_04_2014\/0885. Lignano kapiel.JPG\" \/><\/p>\n<p style=\"text-align: center;\"> \t<img loading=\"lazy\" decoding=\"async\" class=\" size-full wp-image-885\" alt=\"\" src=\"https:\/\/www.witkowscy.net\/wp\/wp-content\/uploads\/2014\/07\/0885.-Lignano-k%C4%85piel.JPG\" width=\"555\" height=\"426\" \/><\/p>\n<p style=\"text-align: center;\"> \t&nbsp;<\/p>\n<p style=\"text-align: center;\"> \t<img loading=\"lazy\" decoding=\"async\" class=\" size-full wp-image-886\" alt=\"\" src=\"https:\/\/www.witkowscy.net\/wp\/wp-content\/uploads\/2014\/07\/0886.Lignano-k%C4%85piel-Janek-i-Krzysiek.JPG\" width=\"550\" height=\"421\" \/><\/p>\n<p style=\"text-align: center;\"> \t<img decoding=\"async\" alt=\"\" src=\"images\/Pielgrzymka_04_2014\/0886.Lignano kapiel -Janek i Krzysiek.JPG\" \/><\/p>\n<p style=\"text-align: center;\"> \t&nbsp;<\/p>\n<p style=\"text-align: center;\"> \tFranek z obawy przed lodowat\u0105 wod\u0105 k\u0105pa\u0142 sie w koszuli.<\/p>\n<p style=\"text-align: center;\"> \t<img loading=\"lazy\" decoding=\"async\" class=\" size-full wp-image-887\" alt=\"\" src=\"https:\/\/www.witkowscy.net\/wp\/wp-content\/uploads\/2014\/07\/0887.-Lignano-hotel-Franc-w-wodzie.JPG\" width=\"550\" height=\"421\" srcset=\"https:\/\/www.witkowscy.net\/wp\/wp-content\/uploads\/2014\/07\/0887.-Lignano-hotel-Franc-w-wodzie.JPG 550w, https:\/\/www.witkowscy.net\/wp\/wp-content\/uploads\/2014\/07\/0887.-Lignano-hotel-Franc-w-wodzie-300x230.jpg 300w\" sizes=\"auto, (max-width: 550px) 100vw, 550px\" \/><\/p>\n<p style=\"text-align: center;\"> \t&nbsp;<\/p>\n<p style=\"text-align: center;\"> \t<strong><span style=\"font-family:comic sans ms,cursive;\"><span style=\"font-size:14px;\">Alpy w Austrii<\/span><\/span><\/strong><\/p>\n<p style=\"text-align: center;\"> \t&nbsp;<\/p>\n<p style=\"text-align: center;\"> \tOstaniego dnia pielgrzymki &#8211; 3-go maja- uczestniczyli\u015bmy w Austrii we mszy \u015bw. w ma\u0142ej przydro\u017cnej kapliczce w Alpach<\/p>\n<p style=\"text-align: center;\"> \t<img loading=\"lazy\" decoding=\"async\" class=\" size-full wp-image-888\" alt=\"\" src=\"https:\/\/www.witkowscy.net\/wp\/wp-content\/uploads\/2014\/07\/0930.-Alpy-austriackie.jpg\" width=\"560\" height=\"388\" srcset=\"https:\/\/www.witkowscy.net\/wp\/wp-content\/uploads\/2014\/07\/0930.-Alpy-austriackie.jpg 560w, https:\/\/www.witkowscy.net\/wp\/wp-content\/uploads\/2014\/07\/0930.-Alpy-austriackie-300x208.jpg 300w\" sizes=\"auto, (max-width: 560px) 100vw, 560px\" \/><\/p>\n<p style=\"text-align: center;\"> \t&nbsp;<\/p>\n<p style=\"text-align: center;\"> \t<img loading=\"lazy\" decoding=\"async\" class=\" size-full wp-image-889\" alt=\"\" src=\"https:\/\/www.witkowscy.net\/wp\/wp-content\/uploads\/2014\/07\/0933.-Alpy-austriackie.jpg\" width=\"565\" height=\"391\" srcset=\"https:\/\/www.witkowscy.net\/wp\/wp-content\/uploads\/2014\/07\/0933.-Alpy-austriackie.jpg 565w, https:\/\/www.witkowscy.net\/wp\/wp-content\/uploads\/2014\/07\/0933.-Alpy-austriackie-300x208.jpg 300w\" sizes=\"auto, (max-width: 565px) 100vw, 565px\" \/><\/p>\n<p style=\"text-align: center;\"> \tAmen.<\/p>\n","protected":false},"excerpt":{"rendered":"<p>W\u0142ochy&nbsp; &#8211; kwiecie\u0144 2014 &nbsp;&nbsp;&nbsp;&nbsp;&nbsp;&nbsp; Rozs\u0105dek nakazywa\u0142, aby to nadzwyczajne wydarzenie ogl\u0105dn\u0105\u0107 wygodnie, w fotelach i zaciszu domowym przed telewizorem. Ale zdecydowali\u015bmy odwrotnie: poczuli\u015bmy si\u0119&hellip; <\/p>\n","protected":false},"author":1,"featured_media":832,"comment_status":"closed","ping_status":"closed","sticky":false,"template":"","format":"standard","meta":{"ngg_post_thumbnail":0,"footnotes":""},"categories":[34],"tags":[],"class_list":["post-890","post","type-post","status-publish","format-standard","has-post-thumbnail","hentry","category-nasze-eskapady"],"_links":{"self":[{"href":"https:\/\/www.witkowscy.net\/wp\/index.php?rest_route=\/wp\/v2\/posts\/890","targetHints":{"allow":["GET"]}}],"collection":[{"href":"https:\/\/www.witkowscy.net\/wp\/index.php?rest_route=\/wp\/v2\/posts"}],"about":[{"href":"https:\/\/www.witkowscy.net\/wp\/index.php?rest_route=\/wp\/v2\/types\/post"}],"author":[{"embeddable":true,"href":"https:\/\/www.witkowscy.net\/wp\/index.php?rest_route=\/wp\/v2\/users\/1"}],"replies":[{"embeddable":true,"href":"https:\/\/www.witkowscy.net\/wp\/index.php?rest_route=%2Fwp%2Fv2%2Fcomments&post=890"}],"version-history":[{"count":1,"href":"https:\/\/www.witkowscy.net\/wp\/index.php?rest_route=\/wp\/v2\/posts\/890\/revisions"}],"predecessor-version":[{"id":2178,"href":"https:\/\/www.witkowscy.net\/wp\/index.php?rest_route=\/wp\/v2\/posts\/890\/revisions\/2178"}],"wp:featuredmedia":[{"embeddable":true,"href":"https:\/\/www.witkowscy.net\/wp\/index.php?rest_route=\/wp\/v2\/media\/832"}],"wp:attachment":[{"href":"https:\/\/www.witkowscy.net\/wp\/index.php?rest_route=%2Fwp%2Fv2%2Fmedia&parent=890"}],"wp:term":[{"taxonomy":"category","embeddable":true,"href":"https:\/\/www.witkowscy.net\/wp\/index.php?rest_route=%2Fwp%2Fv2%2Fcategories&post=890"},{"taxonomy":"post_tag","embeddable":true,"href":"https:\/\/www.witkowscy.net\/wp\/index.php?rest_route=%2Fwp%2Fv2%2Ftags&post=890"}],"curies":[{"name":"wp","href":"https:\/\/api.w.org\/{rel}","templated":true}]}}